{"id":120920,"date":"2024-10-01T12:02:03","date_gmt":"2024-10-01T15:02:03","guid":{"rendered":"https:\/\/www.actualidadadiario.com\/?p=120920"},"modified":"2024-10-01T12:02:03","modified_gmt":"2024-10-01T15:02:03","slug":"alerta-meteorologica-hoy-por-viento-fuerte-seis-provincias-afectadas","status":"publish","type":"post","link":"https:\/\/www.actualidadadiario.com\/index.php\/2024\/10\/01\/alerta-meteorologica-hoy-por-viento-fuerte-seis-provincias-afectadas\/","title":{"rendered":"Alerta meteorol\u00f3gica hoy por viento fuerte: seis provincias afectadas"},"content":{"rendered":"<p style=\"text-align: center;\"><em><strong>El Servicio Meteorol\u00f3gico Nacional renov\u00f3 sus avisos para este martes por viento fuerte en varias zonas del pa\u00eds<\/strong><\/em><\/p>\n<p>&nbsp;<\/p>\n<p>&nbsp;<\/p>\n<p>El mal clima se mantiene este martes en algunas zonas del oeste y centro del pa\u00eds, para las que el Servicio Meteorol\u00f3gico Nacional (SMN) renov\u00f3 sus alertas por viento fuerte.<\/p>\n<p>Se trata de un alerta amarillo para zonas de la cordillera Catamarca y San Juan; noroeste de C\u00f3rdoba; norte de San Luis; sur de Mendoza; y sur este de Entre R\u00edos.<\/p>\n<p>&nbsp;<\/p>\n<p><strong>Alerta amarillo por viento fuerte<\/strong><\/p>\n<p>De acuerdo con el reporte del organismo, en el centro del pa\u00eds, \u201cel \u00e1rea ser\u00e1 afectada por vientos del sudoeste, con velocidades entre 30 y 45 km\/h y r\u00e1fagas que pueden alcanzar los 70 km\/h.<\/p>\n<p>En tanto, el SMN inform\u00f3 que \u201cel \u00e1rea cordillerana ser\u00e1 afectada por vientos del sector oeste con velocidades de 50 a 70 km\/h con r\u00e1fagas que pueden alcanzar los 90 km\/h\u201d.<\/p>\n<p>&nbsp;<\/p>\n<p><strong>Recomendaciones del SMN por viento fuerte<\/strong><\/p>\n<ul>\n<li>Evit\u00e1 actividades al aire libre.<\/li>\n<li>Asegur\u00e1 los elementos que puedan volarse.<\/li>\n<li>Mantenete informado por autoridades.<\/li>\n<li>Ten\u00e9 siempre lista una mochila de emergencias con linterna, radio, documentos y tel\u00e9fono.<\/li>\n<\/ul>\n","protected":false},"excerpt":{"rendered":"<p>El Servicio Meteorol\u00f3gico Nacional renov\u00f3 sus avisos para este martes por viento fuerte en varias zonas del pa\u00eds &nbsp; &nbsp; El mal clima se mantiene este martes en algunas zonas del oeste y centro del pa\u00eds, para las que el Servicio Meteorol\u00f3gico Nacional (SMN) renov\u00f3 sus alertas por viento fuerte. Se trata de un alerta amarillo para zonas de la cordillera Catamarca y San Juan; noroeste de C\u00f3rdoba; norte de San Luis; sur de Mendoza; y sur este de Entre R\u00edos. &nbsp; Alerta amarillo por viento fuerte De acuerdo con&#8230;<\/p>\n","protected":false},"author":3,"featured_media":100507,"comment_status":"closed","ping_status":"closed","sticky":false,"template":"","format":"standard","meta":[],"categories":[2],"tags":[],"_links":{"self":[{"href":"https:\/\/www.actualidadadiario.com\/index.php\/wp-json\/wp\/v2\/posts\/120920"}],"collection":[{"href":"https:\/\/www.actualidadadiario.com\/index.php\/wp-json\/wp\/v2\/posts"}],"about":[{"href":"https:\/\/www.actualidadadiario.com\/index.php\/wp-json\/wp\/v2\/types\/post"}],"author":[{"embeddable":true,"href":"https:\/\/www.actualidadadiario.com\/index.php\/wp-json\/wp\/v2\/users\/3"}],"replies":[{"embeddable":true,"href":"https:\/\/www.actualidadadiario.com\/index.php\/wp-json\/wp\/v2\/comments?post=120920"}],"version-history":[{"count":1,"href":"https:\/\/www.actualidadadiario.com\/index.php\/wp-json\/wp\/v2\/posts\/120920\/revisions"}],"predecessor-version":[{"id":120921,"href":"https:\/\/www.actualidadadiario.com\/index.php\/wp-json\/wp\/v2\/posts\/120920\/revisions\/120921"}],"wp:featuredmedia":[{"embeddable":true,"href":"https:\/\/www.actualidadadiario.com\/index.php\/wp-json\/wp\/v2\/media\/100507"}],"wp:attachment":[{"href":"https:\/\/www.actualidadadiario.com\/index.php\/wp-json\/wp\/v2\/media?parent=120920"}],"wp:term":[{"taxonomy":"category","embeddable":true,"href":"https:\/\/www.actualidadadiario.com\/index.php\/wp-json\/wp\/v2\/categories?post=120920"},{"taxonomy":"post_tag","embeddable":true,"href":"https:\/\/www.actualidadadiario.com\/index.php\/wp-json\/wp\/v2\/tags?post=120920"}],"curies":[{"name":"wp","href":"https:\/\/api.w.org\/{rel}","templated":true}]}}