{"id":120900,"date":"2024-10-01T11:54:33","date_gmt":"2024-10-01T14:54:33","guid":{"rendered":"https:\/\/www.actualidadadiario.com\/?p=120900"},"modified":"2024-10-01T11:54:33","modified_gmt":"2024-10-01T14:54:33","slug":"alertan-sobre-la-baja-vacunacion-en-los-adultos-mayores-que-enfermedades-se-pueden-evitar","status":"publish","type":"post","link":"https:\/\/www.actualidadadiario.com\/index.php\/2024\/10\/01\/alertan-sobre-la-baja-vacunacion-en-los-adultos-mayores-que-enfermedades-se-pueden-evitar\/","title":{"rendered":"Alertan sobre la baja vacunaci\u00f3n en los adultos mayores: qu\u00e9 enfermedades se pueden evitar"},"content":{"rendered":"<p style=\"text-align: center;\"><em><strong>Especialistas en geriatr\u00eda e infectolog\u00eda de Argentina se reunieron en un c\u00f3nclave m\u00e9dico para, entre otras cosas, llamar a una mejor cobertura de vacunas en individuos de 65 a\u00f1os o m\u00e1s. En el D\u00eda Internacional de este grupo etario, los detalles del documento que emitieron al respecto<\/strong><\/em><\/p>\n<p>&nbsp;<\/p>\n<p>&nbsp;<\/p>\n<p>Especialistas en geriatr\u00eda e infectolog\u00eda realizaron un llamado a mejorar los niveles de vacunaci\u00f3n en personas mayores. Los expertos recalcaron la importancia de aumentar la cobertura en adultos de 65 a\u00f1os o m\u00e1s, dado que las tasas actuales se encuentran muy por debajo de lo recomendado, seg\u00fan el planteo realizado en el marco del XX Congreso Argentino de Gerontolog\u00eda y Geriatr\u00eda.<\/p>\n<p>Este 1 de octubre, D\u00eda Internacional de los Adultos Mayores tambi\u00e9n conocido como D\u00eda Internacional de las Personas de Edad, instituido por las Naciones Unidas para reivindicar los derechos de este grupo etario, los expertos se\u00f1alaron que el esfuerzo por difundir la vacunaci\u00f3n es clave para prevenir enfermedades infecciosas y promover una buena calidad de vida de este sector de la poblaci\u00f3n.<\/p>\n<p>Las enfermedades infecciosas en los mayores pueden afectar su salud en general y comprometer \u00f3rganos vitales como el coraz\u00f3n y los pulmones. Adem\u00e1s, este tipo de patolog\u00edas puede limitar su capacidad para llevar una vida activa e independiente, lo que subraya la relevancia de una inoculaci\u00f3n oportuna y completa en este grupo de la poblaci\u00f3n.<\/p>\n<p>El Congreso fue el escenario para la presentaci\u00f3n del Documento de consenso sobre el uso de vacunas en personas mayores, una iniciativa conjunta de la Sociedad Argentina de Gerontolog\u00eda y Geriatr\u00eda (SAGG), la Sociedad Argentina de Infectolog\u00eda (SADI) y otras instituciones cient\u00edficas. El documento fue elaborado por un panel interdisciplinario compuesto por 17 expertos que analizaron la situaci\u00f3n actual y los beneficios de la vacunaci\u00f3n en los mayores.<\/p>\n<p>El encuentro, celebrado en Mar del Plata, reuni\u00f3 a expertos de todo el pa\u00eds para abordar las problem\u00e1ticas y soluciones en la atenci\u00f3n geri\u00e1trica. La presentaci\u00f3n del consenso fue uno de los momentos m\u00e1s destacados, al poner en agenda la necesidad de adoptar estrategias m\u00e1s efectivas para proteger la salud de las personas mayores a trav\u00e9s de la inmunizaci\u00f3n.<\/p>\n<p>Al respecto, el doctor Mat\u00edas Manzotti, m\u00e9dico geriatra y presidente de la Sociedad Argentina de Gerontolog\u00eda y Geriatr\u00eda (SAGG), destac\u00f3: \u201cLa vacunaci\u00f3n en las personas mayores es importante para prevenir enfermedades infecciosas, pero tambi\u00e9n para preservar su funcionalidad y robustez, as\u00ed como para evitar el deterioro que puede generar una infecci\u00f3n en esa etapa de la vida\u201d.<\/p>\n<p>Por su parte, la doctora Miriam Rozenek, directora del Consejo de Infectogeriatr\u00eda de la SAGG y miembro de la comisi\u00f3n de vacunas de la Sociedad Argentina de Infectolog\u00eda (SADI) y de la comisi\u00f3n directiva de la SAGG, precis\u00f3 que se busca \u201cempoderar al m\u00e9dico para que exija que el Calendario Nacional de Vacunaci\u00f3n se cumpla y que los vacunatorios sean accesibles en t\u00e9rminos de horarios y arquitectura, ya que hablamos de personas mayores; y tambi\u00e9n queremos empoderar al paciente, que es el destinatario de esta pr\u00e1ctica preventiva\u201d.<\/p>\n<p>El Ministerio de Salud de la Naci\u00f3n indica que las personas mayores de 65 a\u00f1os deben seguir recibiendo refuerzos de las vacunas ya aplicadas y completar los esquemas de vacunaci\u00f3n para protegerse contra enfermedades como la gripe y el neumococo, que pueden causar complicaciones graves en esta etapa.<\/p>\n<p>Entre otros puntos, la cartera sanitaria establece una dosis anual de la vacuna antigripal; para la vacuna contra el neumococo, se plantea un esquema secuencial de dos vacunas: primero, la vacuna conjugada 13 valente y, al a\u00f1o siguiente, la vacuna polisac\u00e1rida 23 valente.<\/p>\n<p>En cuanto a la vacuna doble bacteriana, se debe iniciar o completar un esquema de tres dosis y luego continuar con una dosis de refuerzo cada 10 a\u00f1os. \u201cLas vacunas del Calendario Nacional de Vacunaci\u00f3n no necesitan receta ni tienen costo, y est\u00e1n disponibles para toda la poblaci\u00f3n de nuestro pa\u00eds\u201d, valor\u00f3 Manzotti.<\/p>\n<p>Con relaci\u00f3n a la vacuna contra el COVID-19, el Documento de consenso sobre el uso de vacunas en personas mayores de la SAGG menciona que puede aplicarse anualmente junto con la antigripal, excepto en las personas severamente inmunocomprometidas o personas mayores con fragilidad moderada o severa, que deben recibirla cada seis meses.<\/p>\n<p>Mientras que, sobre la vacuna contra la difteria y el t\u00e9tanos, la SAGG aconseja aplicar una dosis de refuerzo cada 10 a\u00f1os en las personas mayores sin l\u00edmite de edad, as\u00ed como una dosis de refuerzo de vacuna triple bacteriana acelular contra la difteria, el t\u00e9tanos y la coqueluche (dTap) en personas mayores de 65 a\u00f1os en caso de que no hayan sido vacunados previamente con dTap, en reemplazo de una de las dosis habituales de difteria-t\u00e9tanos.<\/p>\n<p>Cabe resumir que la difteria es una enfermedad infecciosa que afecta frecuentemente las v\u00edas respiratorias, mientras que el t\u00e9tanos es causado por una bacteria que produce una toxina que afecta el sistema nervioso. En tanto, la coqueluche, tambi\u00e9n llamada tos convulsa o tos ferina, es el resultado de varios factores de virulencia y es muy contagiosa, ya que se propaga a trav\u00e9s de microgotas al toser o estornudar.<\/p>\n<p>\u201cCon la pandemia \u2014desarroll\u00f3 Rozenek\u2014 disminuyeron todas las coberturas vacunales, tanto en ni\u00f1os como en adultos. Esto se asocia a emociones negativas relacionadas con el COVID, por lo que la gente dej\u00f3 de vacunarse no solo para COVID sino tambi\u00e9n para otras patolog\u00edas inmunoprevenibles, lo que se refleja en una baja de coberturas en todas las vacunas y en todo el pa\u00eds\u201d.<\/p>\n<p>La SAGG tambi\u00e9n recomienda la vacunaci\u00f3n contra el herpes zoster (HZ) en personas mayores y enfatiza la indicaci\u00f3n para quienes tienen enfermedades cardiovasculares, respiratorias, hep\u00e1ticas o renales cr\u00f3nicas, as\u00ed como para quienes tienen diabetes o presentan inmunocompromiso, son mayores de 70 a\u00f1os. El HZ, llamado popularmente en Argentina \u2018culebrilla\u2019, es una enfermedad producida por el virus varicela zoster, el cual tiene la capacidad de permanecer latente durante a\u00f1os.<\/p>\n<p>Para el doctor Manzotti, al decidir si aplicar o no una vacuna a una persona mayor, los m\u00e9dicos valoran tanto la edad biol\u00f3gica como la funcionalidad, a veces por encima incluso de la edad cronol\u00f3gica. \u201cA veces estamos frente a una persona que tiene 60 o 65 a\u00f1os y est\u00e1 fr\u00e1gil, y otras veces estamos ante otra de 80 a\u00f1os que hace deporte y es robusta. La edad, si bien es un factor a tener en cuenta, no es el \u00fanico\u201d, resalt\u00f3 el experto.<\/p>\n<p>Otra vacuna recomendada por el Consenso de la SAGG es la del virus sincicial respiratorio (VSR) en mayores de 60 a\u00f1os, especialmente en quienes tienen comorbilidades que incrementan su riesgo de complicaciones respiratorias, como pueden ser las enfermedades cardiovasculares, respiratorias, hep\u00e1ticas, renales cr\u00f3nicas y diabetes, o quienes fuman. El VSR provoca brotes estacionales de enfermedades respiratorias en los meses m\u00e1s fr\u00edos.<\/p>\n<p>\u201cLas enfermedades respiratorias generan un grado de inflamaci\u00f3n dentro del organismo que se asocia con eventos cardiovasculares. Al vacunarse, por lo tanto, se contribuye a prevenir tambi\u00e9n un evento cardiovascular, y a la vez estamos previniendo que una persona robusta, entera y funcional tenga que internarse y comenzar a deteriorarse por un evento que es prevenible con una vacuna\u201d, explic\u00f3 Rozenek.<\/p>\n<p>Por su parte, Manzotti enfatiz\u00f3: \u201cEl Consenso busca visibilizar la necesidad de que los m\u00e9dicos que atienden a personas mayores, no importa cu\u00e1l sea su especialidad, tengan presente la vacunaci\u00f3n como una herramienta de prevenci\u00f3n\u201d, aunque tambi\u00e9n coment\u00f3 que nuestro pa\u00eds tiene un sistema de salud \u201cfragmentado y heterog\u00e9neo, donde algunas provincias tienen bien articulada la vacunaci\u00f3n, sobre todo de las vacunas incluidas en el calendario, pero tambi\u00e9n hay zonas donde no es tan accesible\u201d.<\/p>\n<p>Contra la hepatitis A, en tanto, la SAGG aconseja la vacunaci\u00f3n solo en personas mayores con factores de riesgo espec\u00edficos, como tener una enfermedad hep\u00e1tica cr\u00f3nica o hemofilia, o quienes viajan a \u00e1reas de mediana o alta endemicidad o son personal de salud de atenci\u00f3n pedi\u00e1trica, entre otras actividades. Para aplicar esta vacuna debe realizarse previamente un an\u00e1lisis de sangre para constatar que la serolog\u00eda de anticuerpos sea negativa.<\/p>\n<p>Con respecto al dengue, la SAGG considera en el Consenso que el uso de vacunas contra esta enfermedad en personas mayores puede ser prometedor, especialmente por el alto riesgo que enfrenta este grupo etario al contraer dengue, pero tambi\u00e9n advierte que a\u00fan no se dispone de la evidencia necesaria para hacer una recomendaci\u00f3n a favor o en contra de su aplicaci\u00f3n en este grupo etario.<\/p>\n<p>Manzotti concluy\u00f3: \u201cHay un rol muy importante del m\u00e9dico, que es la prevenci\u00f3n. Dentro de las pr\u00e1cticas preventivas de la consulta anual, que muchas veces se dirigen hacia patolog\u00edas oncol\u00f3gicas o cardiovasculares, debe formar parte tambi\u00e9n la valoraci\u00f3n de cu\u00e1les son las vacunas que el paciente tiene y cu\u00e1les le faltan\u201d.<\/p>\n","protected":false},"excerpt":{"rendered":"<p>Especialistas en geriatr\u00eda e infectolog\u00eda de Argentina se reunieron en un c\u00f3nclave m\u00e9dico para, entre otras cosas, llamar a una mejor cobertura de vacunas en individuos de 65 a\u00f1os o m\u00e1s. En el D\u00eda Internacional de este grupo etario, los detalles del documento que emitieron al respecto &nbsp; &nbsp; Especialistas en geriatr\u00eda e infectolog\u00eda realizaron un llamado a mejorar los niveles de vacunaci\u00f3n en personas mayores. Los expertos recalcaron la importancia de aumentar la cobertura en adultos de 65 a\u00f1os o m\u00e1s, dado que las tasas actuales se encuentran muy&#8230;<\/p>\n","protected":false},"author":3,"featured_media":120902,"comment_status":"closed","ping_status":"closed","sticky":false,"template":"","format":"standard","meta":[],"categories":[9],"tags":[],"_links":{"self":[{"href":"https:\/\/www.actualidadadiario.com\/index.php\/wp-json\/wp\/v2\/posts\/120900"}],"collection":[{"href":"https:\/\/www.actualidadadiario.com\/index.php\/wp-json\/wp\/v2\/posts"}],"about":[{"href":"https:\/\/www.actualidadadiario.com\/index.php\/wp-json\/wp\/v2\/types\/post"}],"author":[{"embeddable":true,"href":"https:\/\/www.actualidadadiario.com\/index.php\/wp-json\/wp\/v2\/users\/3"}],"replies":[{"embeddable":true,"href":"https:\/\/www.actualidadadiario.com\/index.php\/wp-json\/wp\/v2\/comments?post=120900"}],"version-history":[{"count":3,"href":"https:\/\/www.actualidadadiario.com\/index.php\/wp-json\/wp\/v2\/posts\/120900\/revisions"}],"predecessor-version":[{"id":120904,"href":"https:\/\/www.actualidadadiario.com\/index.php\/wp-json\/wp\/v2\/posts\/120900\/revisions\/120904"}],"wp:featuredmedia":[{"embeddable":true,"href":"https:\/\/www.actualidadadiario.com\/index.php\/wp-json\/wp\/v2\/media\/120902"}],"wp:attachment":[{"href":"https:\/\/www.actualidadadiario.com\/index.php\/wp-json\/wp\/v2\/media?parent=120900"}],"wp:term":[{"taxonomy":"category","embeddable":true,"href":"https:\/\/www.actualidadadiario.com\/index.php\/wp-json\/wp\/v2\/categories?post=120900"},{"taxonomy":"post_tag","embeddable":true,"href":"https:\/\/www.actualidadadiario.com\/index.php\/wp-json\/wp\/v2\/tags?post=120900"}],"curies":[{"name":"wp","href":"https:\/\/api.w.org\/{rel}","templated":true}]}}