{"id":12090,"date":"2017-05-24T09:31:54","date_gmt":"2017-05-24T12:31:54","guid":{"rendered":"http:\/\/actualidadadiario.com\/site\/?p=12090"},"modified":"2017-05-24T09:31:54","modified_gmt":"2017-05-24T12:31:54","slug":"en-una-carta-por-el-25-de-mayo-francisco-pidio-por-un-clima-de-paz-y-respeto-mutuo","status":"publish","type":"post","link":"https:\/\/www.actualidadadiario.com\/index.php\/2017\/05\/24\/en-una-carta-por-el-25-de-mayo-francisco-pidio-por-un-clima-de-paz-y-respeto-mutuo\/","title":{"rendered":"En una carta por el 25 de Mayo, Francisco pidi\u00f3 por un clima de &#8220;paz y respeto mutuo&#8221;"},"content":{"rendered":"<p><em><strong>El papa Francisco le envi\u00f3 una carta al presidente Mauricio Macri, con motivo de un nuevo aniversario del 25 de mayo, en la que transmite su &#8220;cordial felicitaci\u00f3n&#8221; por la fecha patria y pide a Dios que acompa\u00f1e a los argentinos &#8220;en su desarrollo material y espiritual, propiciado por un clima de serenidad, paz y respeto mutuo&#8221;<\/strong><\/em><\/p>\n<p>&nbsp;<\/p>\n<p>&nbsp;<\/p>\n<p>&nbsp;<\/p>\n<p>&nbsp;<\/p>\n<p>&nbsp;<\/p>\n<p>&nbsp;<\/p>\n<p>&#8220;Con motivo de la fiesta nacional de la Rep\u00fablica Argentina, deseo expresar a vuestra excelencia mi cordial felicitaci\u00f3n, que extiendo a todos los hijos de nuestro amado pa\u00eds&#8221;, comienza la misiva fechada ayer, dirigida al presidente Macri, que fue distribuida al mediod\u00eda por la Presidencia de la Naci\u00f3n.<\/p>\n<p>&nbsp;<\/p>\n<p>Asimismo, en la carta, el Papa pide &#8220;al Se\u00f1or que les acompa\u00f1e en su desarrollo material y espiritual, propiciado por un clima de serenidad, paz y respeto mutuo&#8221;.<\/p>\n","protected":false},"excerpt":{"rendered":"<p>El papa Francisco le envi\u00f3 una carta al presidente Mauricio Macri, con motivo de un nuevo aniversario del 25 de mayo, en la que transmite su &#8220;cordial felicitaci\u00f3n&#8221; por la fecha patria y pide a Dios que acompa\u00f1e a los argentinos &#8220;en su desarrollo material y espiritual, propiciado por un clima de serenidad, paz y respeto mutuo&#8221; &nbsp; &nbsp; &nbsp; &nbsp; &nbsp; &nbsp; &#8220;Con motivo de la fiesta nacional de la Rep\u00fablica Argentina, deseo expresar a vuestra excelencia mi cordial felicitaci\u00f3n, que extiendo a todos los hijos de nuestro amado&#8230;<\/p>\n","protected":false},"author":3,"featured_media":12091,"comment_status":"closed","ping_status":"closed","sticky":false,"template":"","format":"standard","meta":[],"categories":[9],"tags":[],"_links":{"self":[{"href":"https:\/\/www.actualidadadiario.com\/index.php\/wp-json\/wp\/v2\/posts\/12090"}],"collection":[{"href":"https:\/\/www.actualidadadiario.com\/index.php\/wp-json\/wp\/v2\/posts"}],"about":[{"href":"https:\/\/www.actualidadadiario.com\/index.php\/wp-json\/wp\/v2\/types\/post"}],"author":[{"embeddable":true,"href":"https:\/\/www.actualidadadiario.com\/index.php\/wp-json\/wp\/v2\/users\/3"}],"replies":[{"embeddable":true,"href":"https:\/\/www.actualidadadiario.com\/index.php\/wp-json\/wp\/v2\/comments?post=12090"}],"version-history":[{"count":1,"href":"https:\/\/www.actualidadadiario.com\/index.php\/wp-json\/wp\/v2\/posts\/12090\/revisions"}],"predecessor-version":[{"id":12092,"href":"https:\/\/www.actualidadadiario.com\/index.php\/wp-json\/wp\/v2\/posts\/12090\/revisions\/12092"}],"wp:featuredmedia":[{"embeddable":true,"href":"https:\/\/www.actualidadadiario.com\/index.php\/wp-json\/wp\/v2\/media\/12091"}],"wp:attachment":[{"href":"https:\/\/www.actualidadadiario.com\/index.php\/wp-json\/wp\/v2\/media?parent=12090"}],"wp:term":[{"taxonomy":"category","embeddable":true,"href":"https:\/\/www.actualidadadiario.com\/index.php\/wp-json\/wp\/v2\/categories?post=12090"},{"taxonomy":"post_tag","embeddable":true,"href":"https:\/\/www.actualidadadiario.com\/index.php\/wp-json\/wp\/v2\/tags?post=12090"}],"curies":[{"name":"wp","href":"https:\/\/api.w.org\/{rel}","templated":true}]}}