{"id":120897,"date":"2024-10-01T11:13:25","date_gmt":"2024-10-01T14:13:25","guid":{"rendered":"https:\/\/www.actualidadadiario.com\/?p=120897"},"modified":"2024-10-01T11:13:43","modified_gmt":"2024-10-01T14:13:43","slug":"el-gobierno-anunciara-en-los-proximos-dias-el-pago-de-un-plus-por-presentismo-a-los-docentes","status":"publish","type":"post","link":"https:\/\/www.actualidadadiario.com\/index.php\/2024\/10\/01\/el-gobierno-anunciara-en-los-proximos-dias-el-pago-de-un-plus-por-presentismo-a-los-docentes\/","title":{"rendered":"El Gobierno anunciar\u00e1 en los pr\u00f3ximos d\u00edas el pago de un plus por presentismo a los docentes"},"content":{"rendered":"<p style=\"text-align: center;\"><em><strong>\u201cEstamos terminando de ultimar detalles, pero el gobernador va a anunciar en estos d\u00edas un plus por presentismo: esto quiere decir que los docentes que est\u00e9n frente al aula de manera efectiva todos los d\u00edas y generen ahorro por la baja del ausentismo (se evita pagar un suplente que lo reemplace) recibir\u00e1n parte de la distribuci\u00f3n de ese ahorro\u201d\u201d, se\u00f1al\u00f3 el ministro de Gobierno, Manuel Troncoso<\/strong><\/em><\/p>\n<p>&nbsp;<\/p>\n<p>&nbsp;<\/p>\n<p>Frigerio hab\u00eda adelantado en la conferencia de prensa que brind\u00f3 el martes 24 de septiembre que se iba a instrumentar una declaraci\u00f3n jurada para que completaran los docentes: \u201cVamos a respetar el derecho de huelga, pero tambi\u00e9n queremos reconocer a los docentes que s\u00ed cumplen con su tarea\u201d.<\/p>\n<p>Al otro d\u00eda se oficializ\u00f3 a trav\u00e9s de su publicaci\u00f3n en el Bolet\u00edn Oficial este nuevo sistema para controlar la asistencia: \u201cLa intenci\u00f3n es realizar un relevamiento mensual para obtener datos precisos sobre la prestaci\u00f3n efectiva de servicio\u201d por parte de la docencia en las escuelas p\u00fablicas y privados<\/p>\n<p>Sin embargo, ahora el Ministro Troncoso habl\u00f3 efectivamente del pago de un plus por presentismo: \u201cEn la reuni\u00f3n de gabinete (que se hizo ayer) junto al gobernador decidimos ir a anunciar lo que entendemos como &#8216;Item Aula&#8217; o plus por presentismo. As\u00ed como se descontar\u00e1n los d\u00edas paros de manera irreversible, vamos a tener una herramienta m\u00e1s para aquellos docentes que se encuentren efectivamente frente al aula y que vayan a trabajar\u201d, se\u00f1al\u00f3 el funcionario.<\/p>\n<p>Indic\u00f3 que est\u00e1n \u201cterminando de ultimar detalles\u201d, pero adelant\u00f3 a Radio La Voz que \u201cel gobernador va a anunciar en estos d\u00edas un plus por presentismo\u201d.<\/p>\n<p>Esto implica que \u201clos docentes que est\u00e9n frente al aula de manera efectiva todos los d\u00edas y generen ahorro por la baja del ausentismo (se evita pagar un suplente que lo reemplace) recibir\u00e1n parte de la distribuci\u00f3n de ese ahorro\u201d.<\/p>\n<p>Luego indic\u00f3 que la medida ya fue implementada en la provincia de Mendoza, donde el ausentismo baj\u00f3 un 32% y en Santa Fe, que lo viene instrumentando hace poco, est\u00e1 bajando en porcentajes similares.<\/p>\n<p>\u201cCon esta herramienta vamos a generar ahorro en las suplencias y esos fondos se distribuir\u00e1n entre todos los maestros y profesores que estuvieron todos los d\u00edas en el aula\u201d.<\/p>\n<p>\u201cAs\u00ed como que al que no va a trabajar se le descuenta el d\u00eda, el que s\u00ed lo haga va a recibir un incentivo\u201d, sintetiz\u00f3 Troncoso.<\/p>\n","protected":false},"excerpt":{"rendered":"<p>\u201cEstamos terminando de ultimar detalles, pero el gobernador va a anunciar en estos d\u00edas un plus por presentismo: esto quiere decir que los docentes que est\u00e9n frente al aula de manera efectiva todos los d\u00edas y generen ahorro por la baja del ausentismo (se evita pagar un suplente que lo reemplace) recibir\u00e1n parte de la distribuci\u00f3n de ese ahorro\u201d\u201d, se\u00f1al\u00f3 el ministro de Gobierno, Manuel Troncoso &nbsp; &nbsp; Frigerio hab\u00eda adelantado en la conferencia de prensa que brind\u00f3 el martes 24 de septiembre que se iba a instrumentar una declaraci\u00f3n&#8230;<\/p>\n","protected":false},"author":3,"featured_media":118609,"comment_status":"closed","ping_status":"closed","sticky":false,"template":"","format":"standard","meta":[],"categories":[15],"tags":[],"_links":{"self":[{"href":"https:\/\/www.actualidadadiario.com\/index.php\/wp-json\/wp\/v2\/posts\/120897"}],"collection":[{"href":"https:\/\/www.actualidadadiario.com\/index.php\/wp-json\/wp\/v2\/posts"}],"about":[{"href":"https:\/\/www.actualidadadiario.com\/index.php\/wp-json\/wp\/v2\/types\/post"}],"author":[{"embeddable":true,"href":"https:\/\/www.actualidadadiario.com\/index.php\/wp-json\/wp\/v2\/users\/3"}],"replies":[{"embeddable":true,"href":"https:\/\/www.actualidadadiario.com\/index.php\/wp-json\/wp\/v2\/comments?post=120897"}],"version-history":[{"count":2,"href":"https:\/\/www.actualidadadiario.com\/index.php\/wp-json\/wp\/v2\/posts\/120897\/revisions"}],"predecessor-version":[{"id":120899,"href":"https:\/\/www.actualidadadiario.com\/index.php\/wp-json\/wp\/v2\/posts\/120897\/revisions\/120899"}],"wp:featuredmedia":[{"embeddable":true,"href":"https:\/\/www.actualidadadiario.com\/index.php\/wp-json\/wp\/v2\/media\/118609"}],"wp:attachment":[{"href":"https:\/\/www.actualidadadiario.com\/index.php\/wp-json\/wp\/v2\/media?parent=120897"}],"wp:term":[{"taxonomy":"category","embeddable":true,"href":"https:\/\/www.actualidadadiario.com\/index.php\/wp-json\/wp\/v2\/categories?post=120897"},{"taxonomy":"post_tag","embeddable":true,"href":"https:\/\/www.actualidadadiario.com\/index.php\/wp-json\/wp\/v2\/tags?post=120897"}],"curies":[{"name":"wp","href":"https:\/\/api.w.org\/{rel}","templated":true}]}}