{"id":120891,"date":"2024-10-01T11:11:39","date_gmt":"2024-10-01T14:11:39","guid":{"rendered":"https:\/\/www.actualidadadiario.com\/?p=120891"},"modified":"2024-10-01T11:11:39","modified_gmt":"2024-10-01T14:11:39","slug":"los-intendentes-mas-jovenes-del-pj-afirman-que-el-partido-no-se-reorganiza-con-cuatro-personas-sentadas","status":"publish","type":"post","link":"https:\/\/www.actualidadadiario.com\/index.php\/2024\/10\/01\/los-intendentes-mas-jovenes-del-pj-afirman-que-el-partido-no-se-reorganiza-con-cuatro-personas-sentadas\/","title":{"rendered":"Los intendentes m\u00e1s j\u00f3venes del PJ afirman que el partido &#8220;no se reorganiza con cuatro personas sentadas&#8221;"},"content":{"rendered":"<p style=\"text-align: center;\"><em><strong>El presidente municipal de Feliciano, Dami\u00e1n Ar\u00e9valo, se refiri\u00f3 al reciente encuentro entre representantes del Partido Justicialista y asegur\u00f3 que \u201cya no son los t\u00edpicos encuentros donde hab\u00eda dos oradores y el resto aplaud\u00eda\u201d<\/strong><\/em><\/p>\n<p>&nbsp;<\/p>\n<p>&nbsp;<\/p>\n<p>El intendente Dami\u00e1n Ar\u00e9valo se refiri\u00f3 al encuentro entre diferentes representantes del Partido Justicialista a nivel provincial y asegur\u00f3 que se trat\u00f3 de \u201cun encuentro horizontal\u201d, ya que \u201cno son los t\u00edpicos encuentros de antes donde hab\u00eda dos o tres oradores y el resto aplaud\u00eda\u201d.<\/p>\n<p>Al respecto, manifest\u00f3 que \u201cestamos en una etapa donde debemos reencontrarnos con los militantes, con los simpatizantes y generar algo desde las bases\u201d, ya que \u201clo importante, m\u00e1s all\u00e1 de que hay exposiciones en las que hablamos sobre educaci\u00f3n, salud, adultos mayores y la nueva forma de comunicar en este tiempo, es que la parte m\u00e1s rica es el final, cuando el micr\u00f3fono empieza a recorrer la sala, el club y los militantes de distintas partes de la provincia dan su apreciaci\u00f3n de lo que se quiere para el futuro\u201d.<\/p>\n<p>Durante una entrevista con el programa Tarea Fina de Radio Ciudadana, dijo que en este tipo de reuniones \u201csiempre hay cr\u00edticas\u201d, pero \u201cme parece que nosotros, los intendentes del PJ que ganamos, tenemos la responsabilidad de empezar a movilizar a todos los compa\u00f1eros de la provincia y juntarnos\u201d. Para luego insistir en que &#8220;no se reorganiza el peronismo con cuatro personas sentadas&#8221;.<\/p>\n<p>En esta oportunidad, el encuentro cont\u00f3 \u201cpor lo menos con 9 intendentes de la provincia, el viceintendente de Paran\u00e1, diputados nacionales como Carolina Gaillard y Blanca Osuna, diputados provinciales y el presidente del partido justicialista de Concordia, entre otros\u201d.<\/p>\n","protected":false},"excerpt":{"rendered":"<p>El presidente municipal de Feliciano, Dami\u00e1n Ar\u00e9valo, se refiri\u00f3 al reciente encuentro entre representantes del Partido Justicialista y asegur\u00f3 que \u201cya no son los t\u00edpicos encuentros donde hab\u00eda dos oradores y el resto aplaud\u00eda\u201d &nbsp; &nbsp; El intendente Dami\u00e1n Ar\u00e9valo se refiri\u00f3 al encuentro entre diferentes representantes del Partido Justicialista a nivel provincial y asegur\u00f3 que se trat\u00f3 de \u201cun encuentro horizontal\u201d, ya que \u201cno son los t\u00edpicos encuentros de antes donde hab\u00eda dos o tres oradores y el resto aplaud\u00eda\u201d. Al respecto, manifest\u00f3 que \u201cestamos en una etapa donde&#8230;<\/p>\n","protected":false},"author":3,"featured_media":120892,"comment_status":"closed","ping_status":"closed","sticky":false,"template":"","format":"standard","meta":[],"categories":[15],"tags":[],"_links":{"self":[{"href":"https:\/\/www.actualidadadiario.com\/index.php\/wp-json\/wp\/v2\/posts\/120891"}],"collection":[{"href":"https:\/\/www.actualidadadiario.com\/index.php\/wp-json\/wp\/v2\/posts"}],"about":[{"href":"https:\/\/www.actualidadadiario.com\/index.php\/wp-json\/wp\/v2\/types\/post"}],"author":[{"embeddable":true,"href":"https:\/\/www.actualidadadiario.com\/index.php\/wp-json\/wp\/v2\/users\/3"}],"replies":[{"embeddable":true,"href":"https:\/\/www.actualidadadiario.com\/index.php\/wp-json\/wp\/v2\/comments?post=120891"}],"version-history":[{"count":1,"href":"https:\/\/www.actualidadadiario.com\/index.php\/wp-json\/wp\/v2\/posts\/120891\/revisions"}],"predecessor-version":[{"id":120893,"href":"https:\/\/www.actualidadadiario.com\/index.php\/wp-json\/wp\/v2\/posts\/120891\/revisions\/120893"}],"wp:featuredmedia":[{"embeddable":true,"href":"https:\/\/www.actualidadadiario.com\/index.php\/wp-json\/wp\/v2\/media\/120892"}],"wp:attachment":[{"href":"https:\/\/www.actualidadadiario.com\/index.php\/wp-json\/wp\/v2\/media?parent=120891"}],"wp:term":[{"taxonomy":"category","embeddable":true,"href":"https:\/\/www.actualidadadiario.com\/index.php\/wp-json\/wp\/v2\/categories?post=120891"},{"taxonomy":"post_tag","embeddable":true,"href":"https:\/\/www.actualidadadiario.com\/index.php\/wp-json\/wp\/v2\/tags?post=120891"}],"curies":[{"name":"wp","href":"https:\/\/api.w.org\/{rel}","templated":true}]}}