{"id":120888,"date":"2024-10-01T11:10:24","date_gmt":"2024-10-01T14:10:24","guid":{"rendered":"https:\/\/www.actualidadadiario.com\/?p=120888"},"modified":"2024-10-01T11:10:24","modified_gmt":"2024-10-01T14:10:24","slug":"en-la-pagina-web-de-la-camara-de-diputados-provincial-se-puede-ver-la-nomina-de-trabajadores-y-contratados","status":"publish","type":"post","link":"https:\/\/www.actualidadadiario.com\/index.php\/2024\/10\/01\/en-la-pagina-web-de-la-camara-de-diputados-provincial-se-puede-ver-la-nomina-de-trabajadores-y-contratados\/","title":{"rendered":"En la p\u00e1gina web de la C\u00e1mara de Diputados provincial se puede ver la n\u00f3mina de trabajadores y contratados"},"content":{"rendered":"<p style=\"text-align: center;\"><em><strong>En las \u00faltimas horas, la C\u00e1mara baja de Entre R\u00edos public\u00f3 en su p\u00e1gina web datos relativos a empleados de planta permanente, contratos de servicios y contratos de obra, adem\u00e1s de subsidios<\/strong><\/em><\/p>\n<p>&nbsp;<\/p>\n<p>&nbsp;<\/p>\n<p><strong>La iniciativa<\/strong><\/p>\n<p>\u201cEl objetivo es continuar con el proceso de transparencia que empez\u00f3 con el compromiso de su presidente -Gustavo Hein- a comienzos de su gesti\u00f3n, continu\u00f3 con un arduo trabajo de muchas \u00e1reas de la C\u00e1mara Baja y hoy se ve plasmado en su sitio digital, al alcance de todos\u201d, indicaron oficialmente.<\/p>\n<p>La informaci\u00f3n puede visualizarse en https:\/\/hcder.gov.ar\/transparencia_parlamentaria.php<\/p>\n","protected":false},"excerpt":{"rendered":"<p>En las \u00faltimas horas, la C\u00e1mara baja de Entre R\u00edos public\u00f3 en su p\u00e1gina web datos relativos a empleados de planta permanente, contratos de servicios y contratos de obra, adem\u00e1s de subsidios &nbsp; &nbsp; La iniciativa \u201cEl objetivo es continuar con el proceso de transparencia que empez\u00f3 con el compromiso de su presidente -Gustavo Hein- a comienzos de su gesti\u00f3n, continu\u00f3 con un arduo trabajo de muchas \u00e1reas de la C\u00e1mara Baja y hoy se ve plasmado en su sitio digital, al alcance de todos\u201d, indicaron oficialmente. La informaci\u00f3n puede&#8230;<\/p>\n","protected":false},"author":3,"featured_media":120889,"comment_status":"closed","ping_status":"closed","sticky":false,"template":"","format":"standard","meta":[],"categories":[15],"tags":[],"_links":{"self":[{"href":"https:\/\/www.actualidadadiario.com\/index.php\/wp-json\/wp\/v2\/posts\/120888"}],"collection":[{"href":"https:\/\/www.actualidadadiario.com\/index.php\/wp-json\/wp\/v2\/posts"}],"about":[{"href":"https:\/\/www.actualidadadiario.com\/index.php\/wp-json\/wp\/v2\/types\/post"}],"author":[{"embeddable":true,"href":"https:\/\/www.actualidadadiario.com\/index.php\/wp-json\/wp\/v2\/users\/3"}],"replies":[{"embeddable":true,"href":"https:\/\/www.actualidadadiario.com\/index.php\/wp-json\/wp\/v2\/comments?post=120888"}],"version-history":[{"count":1,"href":"https:\/\/www.actualidadadiario.com\/index.php\/wp-json\/wp\/v2\/posts\/120888\/revisions"}],"predecessor-version":[{"id":120890,"href":"https:\/\/www.actualidadadiario.com\/index.php\/wp-json\/wp\/v2\/posts\/120888\/revisions\/120890"}],"wp:featuredmedia":[{"embeddable":true,"href":"https:\/\/www.actualidadadiario.com\/index.php\/wp-json\/wp\/v2\/media\/120889"}],"wp:attachment":[{"href":"https:\/\/www.actualidadadiario.com\/index.php\/wp-json\/wp\/v2\/media?parent=120888"}],"wp:term":[{"taxonomy":"category","embeddable":true,"href":"https:\/\/www.actualidadadiario.com\/index.php\/wp-json\/wp\/v2\/categories?post=120888"},{"taxonomy":"post_tag","embeddable":true,"href":"https:\/\/www.actualidadadiario.com\/index.php\/wp-json\/wp\/v2\/tags?post=120888"}],"curies":[{"name":"wp","href":"https:\/\/api.w.org\/{rel}","templated":true}]}}