{"id":120884,"date":"2024-10-01T11:07:55","date_gmt":"2024-10-01T14:07:55","guid":{"rendered":"https:\/\/www.actualidadadiario.com\/?p=120884"},"modified":"2024-10-01T11:07:55","modified_gmt":"2024-10-01T14:07:55","slug":"pagan-desde-hoy-los-sueldos-a-estatales-y-jubilados-entrerrianos","status":"publish","type":"post","link":"https:\/\/www.actualidadadiario.com\/index.php\/2024\/10\/01\/pagan-desde-hoy-los-sueldos-a-estatales-y-jubilados-entrerrianos\/","title":{"rendered":"Pagan desde hoy los sueldos a estatales y jubilados entrerrianos"},"content":{"rendered":"<p style=\"text-align: center;\"><em><strong>El gobierno provincial record\u00f3 que el cronograma de pagos de haberes correspondiente a septiembre para activos y pasivos de la administraci\u00f3n p\u00fablica de Entre R\u00edos inici\u00f3 este martes. Fonid y Conectividad se pagar\u00e1n a docentes por complementaria a partir del 10 de octubre<\/strong><\/em><\/p>\n<p>&nbsp;<\/p>\n<p>&nbsp;<\/p>\n<p>El gobierno provincial record\u00f3 que el cronograma de pagos de haberes correspondiente a septiembre para estatales activos y pasivos de la administraci\u00f3n p\u00fablica de Entre R\u00edos. Inici\u00f3 este martes 1 de octubre. Todos los detalles.<\/p>\n<p>&nbsp;<\/p>\n<p><strong>Cronograma<\/strong><\/p>\n<ul>\n<li><strong>Martes 1 de octubre:<\/strong> haberes hasta 445.000 pesos.<\/li>\n<li><strong>Mi\u00e9rcoles 2 de octubre:<\/strong> haberes desde 445.001 pesos hasta 607.000 pesos.<\/li>\n<li><strong>Jueves 3 de octubre:<\/strong> haberes desde 607.001 pesos hasta 735.000 pesos.<\/li>\n<li><strong>Viernes 4 de octubre:<\/strong> haberes desde 735.001 pesos hasta 944.000 pesos.<\/li>\n<li><strong>S\u00e1bado 5 de octubre:<\/strong> haberes desde 944.001 pesos hasta 1.320.000 pesos.<\/li>\n<li><strong>Martes 8 de octubre:<\/strong> haberes mayores a 1.320.000 pesos.<\/li>\n<\/ul>\n<p>&nbsp;<\/p>\n<p><strong>Fonid y Conectividad se pagar\u00e1n a docentes por complementaria<\/strong><\/p>\n<p>La provincia pagar\u00e1 por planilla complementaria el Fonid y el \u00edtem Conectividad a partir del 10 de octubre. As\u00ed lo dispuso el gobernador Rogelio Frigerio, luego del anuncio que realizara en conferencia de prensa el \u00faltimo martes.<\/p>\n<p>Asimismo, se confirm\u00f3 que el bono de 40 mil pesos que ven\u00eda percibiendo el personal docente se cobrar\u00e1 por \u00faltima vez, ya que desde noviembre formar\u00e1 parte del sueldo, remunerativo y bonificable.<\/p>\n<p>Seg\u00fan se inform\u00f3 desde el gobierno provincial, la modalidad responde a que la finalizaci\u00f3n de la conciliaci\u00f3n obligatoria con los gremios docentes y la posterior publicaci\u00f3n del decreto (el n\u00famero 2.301\/24) se llev\u00f3 a cabo luego de la liquidaci\u00f3n de los haberes de septiembre. A partir del pr\u00f3ximo mes se normalizar\u00e1 la situaci\u00f3n.<\/p>\n<p>Vale aclarar que, aunque a\u00fan es reconocido como Fonid (acr\u00f3nimo de Fondo Nacional de Incentivo Docente), desde ahora es la provincia de Entre R\u00edos la que se hace cargo de una compensaci\u00f3n que la Naci\u00f3n suprimi\u00f3 en enero de este a\u00f1o.<\/p>\n<p>&nbsp;<\/p>\n<p><strong>Propuesta salarial<\/strong><\/p>\n<p>Estas decisiones forman parte de la \u00faltima propuesta que el gobierno provincial realiz\u00f3 a los gremios docentes, en la cual tambi\u00e9n se incluye una recomposici\u00f3n salarial del 6,55 por ciento, remunerativa, durante los pr\u00f3ximos tres meses; actualizaci\u00f3n mes a mes seg\u00fan el \u00cdndice de Precios al Consumidor (IPC); aumento de la movilidad docente, llevando el tope de distancia a los 80 kil\u00f3metros; e implementaci\u00f3n de una cl\u00e1usula que garantice que el salario de bolsillo de los docentes sea, al menos, del 10 por ciento por encima del consumo de la canasta b\u00e1sica para un hogar de cuatro integrantes, seg\u00fan datos del Instituto Nacional de Estad\u00edstica y Censos (Indec).<\/p>\n<p>En total, la inversi\u00f3n del Gobierno de Entre R\u00edos es de unos 70.000 millones de pesos para lo que resta del a\u00f1o.<\/p>\n","protected":false},"excerpt":{"rendered":"<p>El gobierno provincial record\u00f3 que el cronograma de pagos de haberes correspondiente a septiembre para activos y pasivos de la administraci\u00f3n p\u00fablica de Entre R\u00edos inici\u00f3 este martes. Fonid y Conectividad se pagar\u00e1n a docentes por complementaria a partir del 10 de octubre &nbsp; &nbsp; El gobierno provincial record\u00f3 que el cronograma de pagos de haberes correspondiente a septiembre para estatales activos y pasivos de la administraci\u00f3n p\u00fablica de Entre R\u00edos. Inici\u00f3 este martes 1 de octubre. Todos los detalles. &nbsp; Cronograma Martes 1 de octubre: haberes hasta 445.000 pesos&#8230;.<\/p>\n","protected":false},"author":3,"featured_media":104897,"comment_status":"closed","ping_status":"closed","sticky":false,"template":"","format":"standard","meta":[],"categories":[15],"tags":[],"_links":{"self":[{"href":"https:\/\/www.actualidadadiario.com\/index.php\/wp-json\/wp\/v2\/posts\/120884"}],"collection":[{"href":"https:\/\/www.actualidadadiario.com\/index.php\/wp-json\/wp\/v2\/posts"}],"about":[{"href":"https:\/\/www.actualidadadiario.com\/index.php\/wp-json\/wp\/v2\/types\/post"}],"author":[{"embeddable":true,"href":"https:\/\/www.actualidadadiario.com\/index.php\/wp-json\/wp\/v2\/users\/3"}],"replies":[{"embeddable":true,"href":"https:\/\/www.actualidadadiario.com\/index.php\/wp-json\/wp\/v2\/comments?post=120884"}],"version-history":[{"count":1,"href":"https:\/\/www.actualidadadiario.com\/index.php\/wp-json\/wp\/v2\/posts\/120884\/revisions"}],"predecessor-version":[{"id":120885,"href":"https:\/\/www.actualidadadiario.com\/index.php\/wp-json\/wp\/v2\/posts\/120884\/revisions\/120885"}],"wp:featuredmedia":[{"embeddable":true,"href":"https:\/\/www.actualidadadiario.com\/index.php\/wp-json\/wp\/v2\/media\/104897"}],"wp:attachment":[{"href":"https:\/\/www.actualidadadiario.com\/index.php\/wp-json\/wp\/v2\/media?parent=120884"}],"wp:term":[{"taxonomy":"category","embeddable":true,"href":"https:\/\/www.actualidadadiario.com\/index.php\/wp-json\/wp\/v2\/categories?post=120884"},{"taxonomy":"post_tag","embeddable":true,"href":"https:\/\/www.actualidadadiario.com\/index.php\/wp-json\/wp\/v2\/tags?post=120884"}],"curies":[{"name":"wp","href":"https:\/\/api.w.org\/{rel}","templated":true}]}}