{"id":120876,"date":"2024-09-30T15:22:16","date_gmt":"2024-09-30T18:22:16","guid":{"rendered":"https:\/\/www.actualidadadiario.com\/?p=120876"},"modified":"2024-09-30T15:22:16","modified_gmt":"2024-09-30T18:22:16","slug":"el-gobierno-esta-pidiendo-autorizacion-para-privatizar-empresas-sin-tener-la-mas-remota-idea-de-cual-es-el-plan-que-van-a-seguir","status":"publish","type":"post","link":"https:\/\/www.actualidadadiario.com\/index.php\/2024\/09\/30\/el-gobierno-esta-pidiendo-autorizacion-para-privatizar-empresas-sin-tener-la-mas-remota-idea-de-cual-es-el-plan-que-van-a-seguir\/","title":{"rendered":"\u201cEl Gobierno est\u00e1 pidiendo autorizaci\u00f3n para privatizar empresas sin tener la m\u00e1s remota idea de cu\u00e1l es el plan que van a seguir\u201d"},"content":{"rendered":"<p style=\"text-align: center;\"><em><strong>As\u00ed lo expres\u00f3 el diputado Nicol\u00e1s Massot quien, adem\u00e1s, afirm\u00f3: \u201cTenemos la intenci\u00f3n de insistir por el presupuesto de las universidades al igual que con el aumento a los jubilados\u201d<\/strong><\/em><\/p>\n<p>&nbsp;<\/p>\n<p>&nbsp;<\/p>\n<p>El diputado nacional Nicol\u00e1s Massot (Encuentro Federal) cuestion\u00f3 la idea del Gobierno de privatizar Aerol\u00edneas Argentinas: \u201cEst\u00e1 pidiendo autorizaci\u00f3n para privatizar empresas sin tener la m\u00e1s remota idea de cu\u00e1l es el plan que van a seguir\u201d, y afirm\u00f3 que van a insistir desde su bloque con el presupuesto a universidades y el aumento a jubilados del 8%.<\/p>\n<p>\u201cEl tema del aumento del presupuesto universitario es un poco m\u00e1s corto y directo. Se est\u00e1 esperando que el presidente, tal como anunci\u00f3, la vete. Eso no sabemos cu\u00e1ndo va a ocurrir, y tiene que ser esta semana porque se le vence el plazo, pero no sabemos y ah\u00ed obviamente la intenci\u00f3n es insistir como se hizo con jubilados, aprovechando la ocasi\u00f3n del Presupuesto\u201d, explic\u00f3 Massot.<\/p>\n<p>El bonaerense manifest\u00f3: \u201cAc\u00e1 se ha dicho con malicia que no hab\u00eda una discusi\u00f3n respecto de los fondos necesarios para financiar el aumento a universidades y el aumento a jubilados sin comprometer el d\u00e9ficit, lo cual es totalmente falso\u201d.<\/p>\n<p>\u201cDesde diciembre, cuando la Ley Bases fue enviada por primera vez, le marcamos al presidente que hab\u00eda una gran inequidad en el planteo fiscal que compart\u00edamos y es la cr\u00edtica principal que le sigo haciendo. Al presidente le falta un plan distributivo que no tiene para nada que ver con un apartamiento, al menos de nuestro bloque, respecto del compromiso del d\u00e9ficit fiscal o del equilibrio fiscal que es totalmente firme\u201d, plante\u00f3 en di\u00e1logo por Radio Rivadavia.<\/p>\n<p>En esa l\u00ednea, Massot cuestion\u00f3 que \u201cla reducci\u00f3n pr\u00e1cticamente a cero del impuesto a los bienes personales, impuesto que yo no vot\u00e9 por una cuesti\u00f3n de principio y por la cuesti\u00f3n de conflicto de inter\u00e9s. Es dif\u00edcil cuando tenes que encarar un plan de ajuste tan significativo y donde ten\u00e9s que cuidar particularidades de la sociedad argentina, que se diferenciaron del resto de Latinoam\u00e9rica siempre en t\u00e9rminos de su fisionom\u00eda, de clases, generar un da\u00f1o que no sabemos si se va a poder reparar en el futuro. Esa baja, por ejemplo, podr\u00eda haber financiado sin problema universidades y jubilados\u201d.<\/p>\n<p>Al respecto, se vio optimista de contar con los votos para rechazar el veto sobre universidades: \u201cS\u00ed yo creo que est\u00e1n los votos. Para jubilados el Gobierno incorpor\u00f3 en la ley de Presupuesto de vuelta al tema porque nos pide que le ratifiquemos el DNU\u201d.<\/p>\n<p>\u201cNosotros vamos a insistir en una versi\u00f3n, obviamente diferente, en al menos incorporar el 8% retroactivo para jubilados indicando el financiamiento que tiene, en gran medida que ver, con lo que mi ley no hizo que fue discutir el gasto tributario y los reg\u00edmenes especiales de tantos sectores. Si sumas universidades y jubilados est\u00e1s hablando de 0.9 del producto el gasto tributario, llega a tres y medio\u201d, adelant\u00f3.<\/p>\n<p>Al ser consultado por el tema de la privatizaci\u00f3n de Aerol\u00edneas Argentinas, el diputado de Encuentro Federal indic\u00f3: \u201cPrivatizaciones las que hemos sancionado hace tres meses es que estamos usando una ley del 92\u2019 que no te especifica en ning\u00fan momento qu\u00e9 es lo que vos vas a hacer con la empresa en cuesti\u00f3n, de qu\u00e9 manera la vas a privatizar\u201d.<\/p>\n<p>\u201cQued\u00f3 claro cuando vino el vicejefe de Gabinete y el secretario de Transporte la semana pasada el Congreso, ellos est\u00e1n pidiendo autorizaciones a trocha y moche para privatizar empresas sin tener la m\u00e1s remota idea de cu\u00e1l es el plan que van a seguir\u201d, critic\u00f3.<\/p>\n<p>\u201cNos lo dijeron en la cara, no tienen ni idea si es que van a vender las acciones en su totalidad, si quieren sumar socios privados de la empresa. Tampoco est\u00e1n seguros si lo quieren licitar, si lo quieren hacer como una compulsa de precios o si quieren hacer una venta directa\u201d, cuestion\u00f3.<\/p>\n<p>As\u00ed, sum\u00f3: \u201cLo que nos piden en funci\u00f3n de la ley de los 90\u2019 es que demos un cheque en blanco para avanzar con las privatizaciones de la manera en que queramos en cada empresa sin m\u00e1s controles del Congreso y sin ning\u00fan tipo de informaci\u00f3n\u201d, y record\u00f3: \u201cEn ocasi\u00f3n de la Ley Bases nosotros hicimos todo lo posible para modificar la ley del 92\u2019. Nos fue muy costoso y lo \u00fanico que pudimos incorporar fueron algunas instancias de informaci\u00f3n en una Bicameral que es crucial en este proceso y no est\u00e1 constituida, a pesar de que el Gobierno tiene hace m\u00e1s de 3 meses que tiene 9 privatizaciones autorizadas\u201d.<\/p>\n<p>\u201cRealmente lo que nosotros vemos de parte del Gobierno es que no hay ninguna voluntad de cristalizar y de transparentar estos procesos y no hay ninguna voluntad al final de discutir pragm\u00e1ticamente empresa por empresa\u201d, apunt\u00f3 Massot y explic\u00f3: \u201cEs un proceso largu\u00edsimo y cualquier persona interesado en una compa\u00f1\u00eda lo primero que te va a pedir es que la empresa est\u00e1 en orden y eso se llama gesti\u00f3n. Hay que gestionar, hay que ordenar una empresa que tiene activos que se quieren transaccionar y estamos a\u00f1os luz de que el gobierno lo haga\u201d.<\/p>\n<p>Por \u00faltimo, asegur\u00f3 no haber visto el discurso que brind\u00f3 el presidente de la Naci\u00f3n en Parque Lezama: \u201cNo vi el discurso, solo algunos recortes en Twitter que es lo que generalmente uno hace. No vi ninguna novedad\u201d, y cerr\u00f3: \u201cLos que movilizaron todos los micros son gente que no tuvieron fiado en el resto de los partidos pol\u00edticos y, en muchos casos, es lo peor de la pol\u00edtica y eso es lo que moviliz\u00f3 con el presidente que dice que est\u00e1 en contra de la casta, pero los tuvo al lado. Yo creo que hay una serie de contradicciones que se est\u00e1 volviendo insoportable\u201d.<\/p>\n","protected":false},"excerpt":{"rendered":"<p>As\u00ed lo expres\u00f3 el diputado Nicol\u00e1s Massot quien, adem\u00e1s, afirm\u00f3: \u201cTenemos la intenci\u00f3n de insistir por el presupuesto de las universidades al igual que con el aumento a los jubilados\u201d &nbsp; &nbsp; El diputado nacional Nicol\u00e1s Massot (Encuentro Federal) cuestion\u00f3 la idea del Gobierno de privatizar Aerol\u00edneas Argentinas: \u201cEst\u00e1 pidiendo autorizaci\u00f3n para privatizar empresas sin tener la m\u00e1s remota idea de cu\u00e1l es el plan que van a seguir\u201d, y afirm\u00f3 que van a insistir desde su bloque con el presupuesto a universidades y el aumento a jubilados del 8%&#8230;.<\/p>\n","protected":false},"author":3,"featured_media":120877,"comment_status":"closed","ping_status":"closed","sticky":false,"template":"","format":"standard","meta":[],"categories":[18],"tags":[],"_links":{"self":[{"href":"https:\/\/www.actualidadadiario.com\/index.php\/wp-json\/wp\/v2\/posts\/120876"}],"collection":[{"href":"https:\/\/www.actualidadadiario.com\/index.php\/wp-json\/wp\/v2\/posts"}],"about":[{"href":"https:\/\/www.actualidadadiario.com\/index.php\/wp-json\/wp\/v2\/types\/post"}],"author":[{"embeddable":true,"href":"https:\/\/www.actualidadadiario.com\/index.php\/wp-json\/wp\/v2\/users\/3"}],"replies":[{"embeddable":true,"href":"https:\/\/www.actualidadadiario.com\/index.php\/wp-json\/wp\/v2\/comments?post=120876"}],"version-history":[{"count":1,"href":"https:\/\/www.actualidadadiario.com\/index.php\/wp-json\/wp\/v2\/posts\/120876\/revisions"}],"predecessor-version":[{"id":120878,"href":"https:\/\/www.actualidadadiario.com\/index.php\/wp-json\/wp\/v2\/posts\/120876\/revisions\/120878"}],"wp:featuredmedia":[{"embeddable":true,"href":"https:\/\/www.actualidadadiario.com\/index.php\/wp-json\/wp\/v2\/media\/120877"}],"wp:attachment":[{"href":"https:\/\/www.actualidadadiario.com\/index.php\/wp-json\/wp\/v2\/media?parent=120876"}],"wp:term":[{"taxonomy":"category","embeddable":true,"href":"https:\/\/www.actualidadadiario.com\/index.php\/wp-json\/wp\/v2\/categories?post=120876"},{"taxonomy":"post_tag","embeddable":true,"href":"https:\/\/www.actualidadadiario.com\/index.php\/wp-json\/wp\/v2\/tags?post=120876"}],"curies":[{"name":"wp","href":"https:\/\/api.w.org\/{rel}","templated":true}]}}