{"id":120871,"date":"2024-09-30T15:17:35","date_gmt":"2024-09-30T18:17:35","guid":{"rendered":"https:\/\/www.actualidadadiario.com\/?p=120871"},"modified":"2024-09-30T15:17:35","modified_gmt":"2024-09-30T18:17:35","slug":"el-oficialismo-va-por-el-dictamen-de-boleta-unica-de-papel-para-debatirlo-en-sesion-este-martes","status":"publish","type":"post","link":"https:\/\/www.actualidadadiario.com\/index.php\/2024\/09\/30\/el-oficialismo-va-por-el-dictamen-de-boleta-unica-de-papel-para-debatirlo-en-sesion-este-martes\/","title":{"rendered":"El oficialismo va por el dictamen de boleta \u00fanica de papel, para debatirlo en sesi\u00f3n este martes"},"content":{"rendered":"<p style=\"text-align: center;\"><em><strong>Un plenario de comisiones analizar\u00e1 desde las 18 los cambios con los que fue devuelto el proyecto desde el Senado. La intenci\u00f3n de mantener la versi\u00f3n original sobre el casillero de lista completa<\/strong><\/em><\/p>\n<p>&nbsp;<\/p>\n<p>&nbsp;<\/p>\n<p>Un plenario de las comisiones de Asuntos Constitucionales, Justicia y Presupuesto y Hacienda de Diputados se reunir\u00e1 este lunes, desde las 18, para dictaminar sobre el proyecto de ley de boleta \u00fanica de papel. La cita ser\u00e1 en el segundo piso del Anexo \u201cC\u201d de la C\u00e1mara baja.<\/p>\n<p>El tema fue incluido para la sesi\u00f3n de este martes y requiere, al tratarse de una cuesti\u00f3n electoral, una mayor\u00eda absoluta de 129 votos. El oficialismo, junto a sus aliados, los bloques que fueron Juntos por el Cambio y otros espacios federales, conf\u00edan en darle sanci\u00f3n definitiva a la ley y que el Gobierno pueda implementar los cambios en el sistema electoral en los comicios de 2025.<\/p>\n<p>Se trata de una iniciativa que sali\u00f3 de Diputados en junio de 2022 y que, tras permanecer congelada en el Senado, fue reflotada por La Libertad Avanza, aunque a lo largo de estos meses la tarea tampoco fue sencilla.<\/p>\n<p>Luego de un intento frustrado en el verano, el oficialismo consigui\u00f3 las adhesiones necesarias al introducirle una serie de modificaciones. Algunas fueron clave para lograr el acompa\u00f1amiento de legisladores que representan a partidos provinciales, como el que tiene que ver con el casillero con la opci\u00f3n para votar lista completa.<\/p>\n<p>Sin embargo, en Diputados la intenci\u00f3n de LLA y la oposici\u00f3n dialoguista es que en este aspecto se mantenga la versi\u00f3n original, es decir, que no sea quitado ese casillero. Esto es resistido particularmente por las fuerzas provinciales, temerosas de que ese sistema \u201cse las lleve puestas\u201d en elecciones presidenciales en las que no presentan candidatos. As\u00ed ya lo dejaron saber dos diputados patag\u00f3nicos.<\/p>\n<p>Seg\u00fan supo este medio, en la C\u00e1mara baja tambi\u00e9n se insistir\u00e1 sobre la versi\u00f3n de la media sanci\u00f3n respecto de la transmisi\u00f3n digital de los telegramas desde las escuelas y la obligatoriedad de que concuerden la cantidad de boletas en la urna con los votantes del padr\u00f3n.<\/p>\n<p>A trav\u00e9s de la iniciativa se modifican art\u00edculos de: la Ley 19.945 (C\u00f3digo Nacional Electoral); la Ley 26.215 (Financiamiento de los Partidos Pol\u00edticos); la Ley 26.571 (PASO); la Ley 15.262 (Simultaneidad de Elecciones); y la Ley 24.007 (Registro de Electores Residentes en el Exterior).<\/p>\n<p>El dise\u00f1o aprobado por el Senado propone el \u201cmodelo mendocino\u201d, en el cual la boleta estar\u00e1 dividida en filas horizontales para cada cargo electivo y en columnas verticales para cada agrupaci\u00f3n pol\u00edtica.<\/p>\n<p>En la BUP se identificar\u00e1n con claridad: el nombre de la agrupaci\u00f3n pol\u00edtica; la sigla, s\u00edmbolo distintivo y el n\u00famero de identificaci\u00f3n de la agrupaci\u00f3n pol\u00edtica; la categor\u00eda de cargos a elegir.<\/p>\n<p>Para el caso de presidente y vice: nombre, apellido y fotograf\u00eda color de ambos candidatos.<\/p>\n<p>Para el caso de la lista de senadores nacionales: nombre y apellido de los candidatos y fotograf\u00eda color de las personas titulares.<\/p>\n<p>Para el caso de la lista de diputados nacionales, deber\u00e1 contener como m\u00ednimo los nombres y apellidos de los 5 primeros candidatos y candidatas de la lista, a excepci\u00f3n de los distritos que elijan un n\u00famero inferior, en cuyo caso se consignar\u00e1n el total de los candidatos y candidatas. En todos los casos se incluir\u00e1 la fotograf\u00eda color de los primeros dos 2 candidatos titulares.<\/p>\n<p>Para el caso de la lista de parlamentarios del Mercosur, por distrito nacional deber\u00e1 contener el nombre y apellido de los 5 primeros candidatos y candidatas de la lista y fotograf\u00eda color de las 2 primeras personas titulares.<\/p>\n<p>Para el caso de la lista de candidatos a parlamentario del Mercosur, por distrito provincial: nombre y apellido y fotograf\u00eda color del candidato titular.<\/p>\n<p>Adem\u00e1s, cada Junta Electoral Nacional adaptar\u00e1 dicho modelo y la dise\u00f1ar\u00e1 de acuerdo a la oferta electoral de su distrito; mientras que el Poder Ejecutivo establecer\u00e1 las medidas m\u00e1ximas y m\u00ednimas que podr\u00e1 tener la BUP, as\u00ed como tambi\u00e9n aquellas pautas t\u00e9cnicas y materiales que resultan necesarias para su implementaci\u00f3n.<\/p>\n<p>En la cabina de sufragio, el elector marcar\u00e1 la opci\u00f3n electoral de su preferencia en la BUP con cualquier tipo de marca dentro de los casilleros impresos en ella, seg\u00fan corresponda.<\/p>\n<p>Una de las modificaciones del Senado es que las elecciones Primarias, Abiertas, Simult\u00e1neas y Obligatorias se adelantar\u00e1n del segundo al primer domingo de agosto.<\/p>\n<p>Asimismo, se pasa de 50 a 60 d\u00edas anteriores a la elecci\u00f3n el plazo para el registro de la lista de candidatos proclamados; de 40 a 45 d\u00edas para exhibir el dise\u00f1o de la boleta \u00fanica; y la campa\u00f1a electoral se iniciar\u00e1 60 d\u00edas antes de las elecciones -actualmente es 50-.<\/p>\n<p>La justicia federal con competencia electoral y la Direcci\u00f3n Nacional Electoral llevar\u00e1n adelante una campa\u00f1a de difusi\u00f3n y capacitaci\u00f3n destinada a informar a la sociedad acerca de las caracter\u00edsticas del sistema de BUP.<\/p>\n<p>La media sanci\u00f3n de Diputados contemplaba que para facilitar el voto de personas ciegas se elaboren plantillas en braille, pero en el Senado eso se quit\u00f3.<\/p>\n","protected":false},"excerpt":{"rendered":"<p>Un plenario de comisiones analizar\u00e1 desde las 18 los cambios con los que fue devuelto el proyecto desde el Senado. La intenci\u00f3n de mantener la versi\u00f3n original sobre el casillero de lista completa &nbsp; &nbsp; Un plenario de las comisiones de Asuntos Constitucionales, Justicia y Presupuesto y Hacienda de Diputados se reunir\u00e1 este lunes, desde las 18, para dictaminar sobre el proyecto de ley de boleta \u00fanica de papel. La cita ser\u00e1 en el segundo piso del Anexo \u201cC\u201d de la C\u00e1mara baja. El tema fue incluido para la sesi\u00f3n&#8230;<\/p>\n","protected":false},"author":3,"featured_media":85534,"comment_status":"closed","ping_status":"closed","sticky":false,"template":"","format":"standard","meta":[],"categories":[18],"tags":[],"_links":{"self":[{"href":"https:\/\/www.actualidadadiario.com\/index.php\/wp-json\/wp\/v2\/posts\/120871"}],"collection":[{"href":"https:\/\/www.actualidadadiario.com\/index.php\/wp-json\/wp\/v2\/posts"}],"about":[{"href":"https:\/\/www.actualidadadiario.com\/index.php\/wp-json\/wp\/v2\/types\/post"}],"author":[{"embeddable":true,"href":"https:\/\/www.actualidadadiario.com\/index.php\/wp-json\/wp\/v2\/users\/3"}],"replies":[{"embeddable":true,"href":"https:\/\/www.actualidadadiario.com\/index.php\/wp-json\/wp\/v2\/comments?post=120871"}],"version-history":[{"count":1,"href":"https:\/\/www.actualidadadiario.com\/index.php\/wp-json\/wp\/v2\/posts\/120871\/revisions"}],"predecessor-version":[{"id":120872,"href":"https:\/\/www.actualidadadiario.com\/index.php\/wp-json\/wp\/v2\/posts\/120871\/revisions\/120872"}],"wp:featuredmedia":[{"embeddable":true,"href":"https:\/\/www.actualidadadiario.com\/index.php\/wp-json\/wp\/v2\/media\/85534"}],"wp:attachment":[{"href":"https:\/\/www.actualidadadiario.com\/index.php\/wp-json\/wp\/v2\/media?parent=120871"}],"wp:term":[{"taxonomy":"category","embeddable":true,"href":"https:\/\/www.actualidadadiario.com\/index.php\/wp-json\/wp\/v2\/categories?post=120871"},{"taxonomy":"post_tag","embeddable":true,"href":"https:\/\/www.actualidadadiario.com\/index.php\/wp-json\/wp\/v2\/tags?post=120871"}],"curies":[{"name":"wp","href":"https:\/\/api.w.org\/{rel}","templated":true}]}}