{"id":12087,"date":"2017-05-24T09:30:58","date_gmt":"2017-05-24T12:30:58","guid":{"rendered":"http:\/\/actualidadadiario.com\/site\/?p=12087"},"modified":"2017-05-24T09:30:58","modified_gmt":"2017-05-24T12:30:58","slug":"por-supuesta-omision-de-bienes-fiscal-pide-declaraciones-juradas-de-macri-y-awada","status":"publish","type":"post","link":"https:\/\/www.actualidadadiario.com\/index.php\/2017\/05\/24\/por-supuesta-omision-de-bienes-fiscal-pide-declaraciones-juradas-de-macri-y-awada\/","title":{"rendered":"Por supuesta omisi\u00f3n de bienes, fiscal pide declaraciones juradas de Macri y Awada"},"content":{"rendered":"<p><em><strong>Esta nueva causa va en paralelo con la iniciada por los Panam\u00e1 Papers, que se inici\u00f3 tambi\u00e9n por supuesta omisi\u00f3n de bienes pero gir\u00f3 en torno al lavado de dinero a trav\u00e9s de dos sociedades off shore<\/strong><\/em><\/p>\n<p>&nbsp;<\/p>\n<p>&nbsp;<\/p>\n<p>&nbsp;<\/p>\n<p>La fiscal de instrucci\u00f3n Silvana Russi pidi\u00f3 las declaraciones juradas presentadas por Mauricio Macri y la primera dama Juliana Awada, entre los a\u00f1os 2010 y 2015, por supuesta omisi\u00f3n maliciosa en la declaraci\u00f3n de sus bienes.<\/p>\n<p>&nbsp;<\/p>\n<p>La funcionaria judicial quiere saber si cuando se desempe\u00f1\u00f3 como jefe de Gobierno de la Ciudad y tras asumir la Presidencia de la Naci\u00f3n, el mandatario omiti\u00f3 declarar bienes, como se denunciaron la dirigente de Nuevo Encuentro Gabriela Cerrutti y un abogado particular.<\/p>\n<p>&nbsp;<\/p>\n<p>La causa tramita en paralelo a la que se sigue en los tribunales de Comodoro Py por los denominados Panam\u00e1 Papers, que tambi\u00e9n se inici\u00f3 por omisi\u00f3n maliciosa de bienes pero se ampli\u00f3 a maniobras de lavado de dinero.<\/p>\n<p>&nbsp;<\/p>\n<p>Para ello, el Presidente habr\u00eda utilizado dos sociedades, una radicada en Panam\u00e1 y otra en Bahamas, integradas por su padre, Franco Macri, pero del que se sospecha que el mandatario habr\u00eda tenido participaci\u00f3n.<\/p>\n","protected":false},"excerpt":{"rendered":"<p>Esta nueva causa va en paralelo con la iniciada por los Panam\u00e1 Papers, que se inici\u00f3 tambi\u00e9n por supuesta omisi\u00f3n de bienes pero gir\u00f3 en torno al lavado de dinero a trav\u00e9s de dos sociedades off shore &nbsp; &nbsp; &nbsp; La fiscal de instrucci\u00f3n Silvana Russi pidi\u00f3 las declaraciones juradas presentadas por Mauricio Macri y la primera dama Juliana Awada, entre los a\u00f1os 2010 y 2015, por supuesta omisi\u00f3n maliciosa en la declaraci\u00f3n de sus bienes. &nbsp; La funcionaria judicial quiere saber si cuando se desempe\u00f1\u00f3 como jefe de Gobierno&#8230;<\/p>\n","protected":false},"author":3,"featured_media":12088,"comment_status":"closed","ping_status":"closed","sticky":false,"template":"","format":"standard","meta":[],"categories":[18],"tags":[],"_links":{"self":[{"href":"https:\/\/www.actualidadadiario.com\/index.php\/wp-json\/wp\/v2\/posts\/12087"}],"collection":[{"href":"https:\/\/www.actualidadadiario.com\/index.php\/wp-json\/wp\/v2\/posts"}],"about":[{"href":"https:\/\/www.actualidadadiario.com\/index.php\/wp-json\/wp\/v2\/types\/post"}],"author":[{"embeddable":true,"href":"https:\/\/www.actualidadadiario.com\/index.php\/wp-json\/wp\/v2\/users\/3"}],"replies":[{"embeddable":true,"href":"https:\/\/www.actualidadadiario.com\/index.php\/wp-json\/wp\/v2\/comments?post=12087"}],"version-history":[{"count":1,"href":"https:\/\/www.actualidadadiario.com\/index.php\/wp-json\/wp\/v2\/posts\/12087\/revisions"}],"predecessor-version":[{"id":12089,"href":"https:\/\/www.actualidadadiario.com\/index.php\/wp-json\/wp\/v2\/posts\/12087\/revisions\/12089"}],"wp:featuredmedia":[{"embeddable":true,"href":"https:\/\/www.actualidadadiario.com\/index.php\/wp-json\/wp\/v2\/media\/12088"}],"wp:attachment":[{"href":"https:\/\/www.actualidadadiario.com\/index.php\/wp-json\/wp\/v2\/media?parent=12087"}],"wp:term":[{"taxonomy":"category","embeddable":true,"href":"https:\/\/www.actualidadadiario.com\/index.php\/wp-json\/wp\/v2\/categories?post=12087"},{"taxonomy":"post_tag","embeddable":true,"href":"https:\/\/www.actualidadadiario.com\/index.php\/wp-json\/wp\/v2\/tags?post=12087"}],"curies":[{"name":"wp","href":"https:\/\/api.w.org\/{rel}","templated":true}]}}