{"id":120869,"date":"2024-09-30T15:16:54","date_gmt":"2024-09-30T18:16:54","guid":{"rendered":"https:\/\/www.actualidadadiario.com\/?p=120869"},"modified":"2024-09-30T15:16:54","modified_gmt":"2024-09-30T18:16:54","slug":"en-busca-de-poner-panos-frios-guillermo-francos-recibe-este-lunes-a-la-cgt","status":"publish","type":"post","link":"https:\/\/www.actualidadadiario.com\/index.php\/2024\/09\/30\/en-busca-de-poner-panos-frios-guillermo-francos-recibe-este-lunes-a-la-cgt\/","title":{"rendered":"En busca de poner pa\u00f1os fr\u00edos, Guillermo Francos recibe este lunes a la CGT"},"content":{"rendered":"<p style=\"text-align: center;\"><em><strong>El jefe de Gabinete se reunir\u00e1 con los sindicalistas despu\u00e9s de la promulgaci\u00f3n de la reforma laboral. Pablo Moyano no ser\u00e1 parte<\/strong><\/em><\/p>\n<p>&nbsp;<\/p>\n<p>&nbsp;<\/p>\n<p>El jefe de Gabinete, Guillermo Francos, recibir\u00e1 este lunes a las 17 en la Casa Rosada a los integrantes de la c\u00fapula de la CGT para aplacar la tensi\u00f3n con el sindicalismo despu\u00e9s de la reglamentaci\u00f3n de la reforma laboral.<\/p>\n<p>Francos se reunir\u00e1 con una comitiva de la central obrera encabezada por el cotitular H\u00e9ctor Daer y, seg\u00fan supo la Agencia Noticias Argentinas de fuentes sindicales, del encuentro no participar\u00e1 Pablo Moyano, otro de los cotitulares y represetante del sector m\u00e1s opositor de esa organizaci\u00f3n.<\/p>\n<p>Se espera que concurra el otro cotiular cegetista, Carlos Acu\u00f1a (estaciones de servicio), y los jefes sindicales Andr\u00e9s Rodr\u00edguez (UPCN), Gerardo Mart\u00ednez (UOCRA), Jos\u00e9 Luis Lingeri (Obras Sanitarias), Jorge Sola (Seguros), Sergio Romero (UDA), Marina Jaureguiberry (docentes privados), Maia Volcovinsky (judiciales) y Argentino Geneiro (gastron\u00f3micos).<\/p>\n<p>La reglamentaci\u00f3n de la reforma laboral incluida en la Ley de Bases y el conflicto por Aerol\u00edneas Argentinas profundiz\u00f3 en los \u00faltimos d\u00edas el v\u00ednculo de la gesti\u00f3n libertaria con la CGT, que meses atr\u00e1s ya se hab\u00eda retirado di\u00e1logo social promovido por el Gobierno.<\/p>\n<p>Un blanqueo de impuestos al trabajo, mayores facilidades para la contrataci\u00f3n de empleados independientes y la posibilidad de acordar alternativas para el cese laboral que conformen tanto a los trabajadores como a las empresas forman parte de la reglamentaci\u00f3n de la reforma laboral que dio conocer el Gobierno la semana \u00faltima.<\/p>\n<p>A pesar de la tensi\u00f3n con la CGT, en los \u00faltimos d\u00edas hubo un gesto del Gobierno para los gremios a partir de la decisi\u00f3n del Congreso de posponer el tratamiento de un proyecto sobre democracia sindical que promueven el PRO y la UCR.<\/p>\n<p>Esa iniciativa, que fue pospuesta de su tratamiento en comisiones, propone eliminar la reelecci\u00f3n indefinida de los sindicalistas, proh\u00edbe la cuota solidaria, garantiza la representaci\u00f3n de las minor\u00edas en los cuerpos de los sindicatos, obliga a presentar declaraciones juradas y fija medidas para &#8220;democratizar las obras sociales&#8221;, entre otros puntos.<\/p>\n","protected":false},"excerpt":{"rendered":"<p>El jefe de Gabinete se reunir\u00e1 con los sindicalistas despu\u00e9s de la promulgaci\u00f3n de la reforma laboral. Pablo Moyano no ser\u00e1 parte &nbsp; &nbsp; El jefe de Gabinete, Guillermo Francos, recibir\u00e1 este lunes a las 17 en la Casa Rosada a los integrantes de la c\u00fapula de la CGT para aplacar la tensi\u00f3n con el sindicalismo despu\u00e9s de la reglamentaci\u00f3n de la reforma laboral. Francos se reunir\u00e1 con una comitiva de la central obrera encabezada por el cotitular H\u00e9ctor Daer y, seg\u00fan supo la Agencia Noticias Argentinas de fuentes sindicales,&#8230;<\/p>\n","protected":false},"author":3,"featured_media":113129,"comment_status":"closed","ping_status":"closed","sticky":false,"template":"","format":"standard","meta":[],"categories":[18],"tags":[],"_links":{"self":[{"href":"https:\/\/www.actualidadadiario.com\/index.php\/wp-json\/wp\/v2\/posts\/120869"}],"collection":[{"href":"https:\/\/www.actualidadadiario.com\/index.php\/wp-json\/wp\/v2\/posts"}],"about":[{"href":"https:\/\/www.actualidadadiario.com\/index.php\/wp-json\/wp\/v2\/types\/post"}],"author":[{"embeddable":true,"href":"https:\/\/www.actualidadadiario.com\/index.php\/wp-json\/wp\/v2\/users\/3"}],"replies":[{"embeddable":true,"href":"https:\/\/www.actualidadadiario.com\/index.php\/wp-json\/wp\/v2\/comments?post=120869"}],"version-history":[{"count":1,"href":"https:\/\/www.actualidadadiario.com\/index.php\/wp-json\/wp\/v2\/posts\/120869\/revisions"}],"predecessor-version":[{"id":120870,"href":"https:\/\/www.actualidadadiario.com\/index.php\/wp-json\/wp\/v2\/posts\/120869\/revisions\/120870"}],"wp:featuredmedia":[{"embeddable":true,"href":"https:\/\/www.actualidadadiario.com\/index.php\/wp-json\/wp\/v2\/media\/113129"}],"wp:attachment":[{"href":"https:\/\/www.actualidadadiario.com\/index.php\/wp-json\/wp\/v2\/media?parent=120869"}],"wp:term":[{"taxonomy":"category","embeddable":true,"href":"https:\/\/www.actualidadadiario.com\/index.php\/wp-json\/wp\/v2\/categories?post=120869"},{"taxonomy":"post_tag","embeddable":true,"href":"https:\/\/www.actualidadadiario.com\/index.php\/wp-json\/wp\/v2\/tags?post=120869"}],"curies":[{"name":"wp","href":"https:\/\/api.w.org\/{rel}","templated":true}]}}