{"id":120867,"date":"2024-09-30T15:16:11","date_gmt":"2024-09-30T18:16:11","guid":{"rendered":"https:\/\/www.actualidadadiario.com\/?p=120867"},"modified":"2024-09-30T15:16:11","modified_gmt":"2024-09-30T18:16:11","slug":"el-gobierno-oficializo-a-mario-lugones-en-salud-tras-la-salida-de-mario-russo","status":"publish","type":"post","link":"https:\/\/www.actualidadadiario.com\/index.php\/2024\/09\/30\/el-gobierno-oficializo-a-mario-lugones-en-salud-tras-la-salida-de-mario-russo\/","title":{"rendered":"El Gobierno oficializ\u00f3 a Mario Lugones en Salud tras la salida de Mario Russo"},"content":{"rendered":"<p style=\"text-align: center;\"><em><strong>Luego de que el ex titular de la cartera presentara su renuncia, el titular de la Fundaci\u00f3n Sanatorio G\u00fcemes fue anunciado en el Bolet\u00edn Oficial<\/strong><\/em><\/p>\n<p>&nbsp;<\/p>\n<p>&nbsp;<\/p>\n<p>El Gobierno nacional design\u00f3 a Mario Lugones como flamante ministro de Salud, luego de que su antecesor, Mario Russo, presentara su renuncia alegando \u201cproblemas personales&#8221;.<\/p>\n<p>A trav\u00e9s de la publicaci\u00f3n en el Bolet\u00edn Oficial del Decreto 857\/2024 que lleva la firma del presidente Javier Milei y del jefe de Gabinete, Guillermo Francos, la administraci\u00f3n libertaria oficializ\u00f3 el movimiento de piezas y el desembarco al frente de la cartera del titular de la Fundaci\u00f3n Sanatorio G\u00fcemes fue anunciado en el Bolet\u00edn Oficial.<\/p>\n<p>Lo cierto es que el paso de Russo en el ministerio estuvo marcado por algunas discrepancias sobre el manejo del brote de dengue y denuncias por recortes a los medicamentos oncol\u00f3gicos, aunque desde Casa Rosada se encargaron de aclarar que la salida del ex titular de la cartera sanitaria era &#8220;por cuestiones personales&#8221;, y no porque el mandatario lo haya echado.<\/p>\n<p>Luego de casi diez meses de gesti\u00f3n, el hasta entonces ministro aleg\u00f3 \u201cmotivos personales\u201d y el pasado jueves present\u00f3 la renuncia convirti\u00e9ndose en el tercer ministro que se va del Gabinete libertario desde diciembre de 2023, tras las salidas de Nicol\u00e1s Posse (jefe de Gabinete) y Guillermo Ferraro (Infraestructura).<\/p>\n<p>Por su parte, Lugones fue jefe de cl\u00ednica de la Unidad Coronaria del Sanatorio G\u00fcemes, adem\u00e1s m\u00e9dico cardi\u00f3logo de Praxis M\u00e9dica y de la Fundaci\u00f3n Favaloro. Tambi\u00e9n se desempe\u00f1\u00f3 como director del Instituto M\u00e9dico de la Seguridad Social y Evaluaci\u00f3n Tecnol\u00f3gica (IMSSET) de la UBA y fue director de la Maestr\u00eda de Gerenciamiento del Sistema de Salud de la UBA.<\/p>\n<p>Si bien a\u00fan no hay fecha establecida para la jura del flamante ministro, a\u00fan que no descarta que tenga lugar en los pr\u00f3ximos d\u00edas.<\/p>\n","protected":false},"excerpt":{"rendered":"<p>Luego de que el ex titular de la cartera presentara su renuncia, el titular de la Fundaci\u00f3n Sanatorio G\u00fcemes fue anunciado en el Bolet\u00edn Oficial &nbsp; &nbsp; El Gobierno nacional design\u00f3 a Mario Lugones como flamante ministro de Salud, luego de que su antecesor, Mario Russo, presentara su renuncia alegando \u201cproblemas personales&#8221;. A trav\u00e9s de la publicaci\u00f3n en el Bolet\u00edn Oficial del Decreto 857\/2024 que lleva la firma del presidente Javier Milei y del jefe de Gabinete, Guillermo Francos, la administraci\u00f3n libertaria oficializ\u00f3 el movimiento de piezas y el desembarco&#8230;<\/p>\n","protected":false},"author":3,"featured_media":120795,"comment_status":"closed","ping_status":"closed","sticky":false,"template":"","format":"standard","meta":[],"categories":[18],"tags":[],"_links":{"self":[{"href":"https:\/\/www.actualidadadiario.com\/index.php\/wp-json\/wp\/v2\/posts\/120867"}],"collection":[{"href":"https:\/\/www.actualidadadiario.com\/index.php\/wp-json\/wp\/v2\/posts"}],"about":[{"href":"https:\/\/www.actualidadadiario.com\/index.php\/wp-json\/wp\/v2\/types\/post"}],"author":[{"embeddable":true,"href":"https:\/\/www.actualidadadiario.com\/index.php\/wp-json\/wp\/v2\/users\/3"}],"replies":[{"embeddable":true,"href":"https:\/\/www.actualidadadiario.com\/index.php\/wp-json\/wp\/v2\/comments?post=120867"}],"version-history":[{"count":1,"href":"https:\/\/www.actualidadadiario.com\/index.php\/wp-json\/wp\/v2\/posts\/120867\/revisions"}],"predecessor-version":[{"id":120868,"href":"https:\/\/www.actualidadadiario.com\/index.php\/wp-json\/wp\/v2\/posts\/120867\/revisions\/120868"}],"wp:featuredmedia":[{"embeddable":true,"href":"https:\/\/www.actualidadadiario.com\/index.php\/wp-json\/wp\/v2\/media\/120795"}],"wp:attachment":[{"href":"https:\/\/www.actualidadadiario.com\/index.php\/wp-json\/wp\/v2\/media?parent=120867"}],"wp:term":[{"taxonomy":"category","embeddable":true,"href":"https:\/\/www.actualidadadiario.com\/index.php\/wp-json\/wp\/v2\/categories?post=120867"},{"taxonomy":"post_tag","embeddable":true,"href":"https:\/\/www.actualidadadiario.com\/index.php\/wp-json\/wp\/v2\/tags?post=120867"}],"curies":[{"name":"wp","href":"https:\/\/api.w.org\/{rel}","templated":true}]}}