{"id":120865,"date":"2024-09-30T15:15:39","date_gmt":"2024-09-30T18:15:39","guid":{"rendered":"https:\/\/www.actualidadadiario.com\/?p=120865"},"modified":"2024-09-30T15:15:39","modified_gmt":"2024-09-30T18:15:39","slug":"semana-dificil-para-el-gobierno-la-protesta-universitaria-apura-otro-veto-presidencial","status":"publish","type":"post","link":"https:\/\/www.actualidadadiario.com\/index.php\/2024\/09\/30\/semana-dificil-para-el-gobierno-la-protesta-universitaria-apura-otro-veto-presidencial\/","title":{"rendered":"Semana dif\u00edcil para el Gobierno: la protesta universitaria apura otro veto presidencial"},"content":{"rendered":"<p style=\"text-align: center;\"><em><strong>El presidente Milei tiene listo el decreto que veta la reforma universitaria. Tambi\u00e9n presentar\u00e1 la privatizaci\u00f3n de Aerol\u00edneas, mientras se dilata el debate del Presupuesto 2025<\/strong><\/em><\/p>\n<p>&nbsp;<\/p>\n<p>&nbsp;<\/p>\n<p>El Gobierno nacional deber\u00e1 enfrentar otra semana de complicaciones por varios temas que preocupan al presidente Javier Milei. El eje m\u00e1s conflictivo ser\u00e1 la marcha universitaria prevista para el 2 de octubre mientras fue rechazado el aumento a los docentes con un refuerzo adicional de 5,8 por ciento en octubre.<\/p>\n<p>Desde Capital Humano aseguran que est\u00e1 abierto el di\u00e1logo con los gremios pero que el sector \u201cbusca el camino de la confrontaci\u00f3n\u201d. Las universidades convocaron a una protesta en contra del veto presidencial a la Ley de presupuesto universitario que fue aprobado el 13 de septiembre.<\/p>\n<p>Desde la UBA ratificaron la protesta y el Consejo Superior convoc\u00f3 a la Marcha Federal Universitaria del mi\u00e9rcoles 2 de octubre, y solicit\u00f3 al Presidente de la Naci\u00f3n &#8220;el no veto a la Ley de Financiamiento Universitario.<\/p>\n<p>En el entorno de Milei se\u00f1alaron que la decisi\u00f3n de rechazar el proyecto que implica modificar el objetivo de d\u00e9ficit cero es un hecho. \u201cNo hay marcha atr\u00e1s\u201d, dijeron en Balcarce 50. El Presidente lo firmar\u00eda al l\u00edmite del tiempo constitucional por lo que se podr\u00eda dilatar hasta el jueves. Luego el Congreso tiene la potestad de rechazar el veto y sostener la norma con la votaci\u00f3n de los dos tercios en ambas c\u00e1maras.<\/p>\n<p>El oficialismo no tiene garantizado el apoyo legislativo que tuvo con la reforma previsional donde celebr\u00f3 con los 87 \u201ch\u00e9roes\u201d. Hasta el momento siguen juntando adhesiones para avalar el pr\u00f3ximo veto, que el jefe de Estado confirm\u00f3 en las redes sociales que ser\u00e1 &#8220;completo&#8221;.<\/p>\n<p>El Gobierno sali\u00f3 nuevamente a desafiar este fin de semana al sector universitario a trav\u00e9s del secretario de Educaci\u00f3n, Carlos Torrendell, quien asegur\u00f3 que &#8220;hay 600.000 alumnos en las universidades nacionales que no se sabe si est\u00e1n inscriptos en alguna materia o no&#8221;.<\/p>\n<p>Milei viene de enfrentar una semana complicada con la publicaci\u00f3n del aumento de la pobreza de 52,9 por ciento y la ca\u00edda en las encuestas de la imagen presidencial.<\/p>\n<p>Por la marcha universitaria tambi\u00e9n se corrieron los tiempos legislativos. El martes estaba previsto el inicio del debate del Presupuesto en la comisi\u00f3n en Presupuesto y Hacienda pero finalmente arrancar\u00e1 el 8 de octubre. La Libertad Avanza decidi\u00f3 esperar una semana y que antes se discuta la boleta \u00fanica de papel y pase la protesta de los universitarios.<\/p>\n<p>En clima con la oposici\u00f3n y los gremios se termin\u00f3 de tensarse el viernes cuando el Gobierno anunci\u00f3 que Milei firmar\u00e1 un decreto de la privatizaci\u00f3n de Aerol\u00edneas Argentinas. Una que salga la publicaci\u00f3n en el Bolet\u00edn Oficial y se notifique al\u00a0 Congreso, los legisladores deber\u00e1n ratificar o rechazar la medida.<\/p>\n","protected":false},"excerpt":{"rendered":"<p>El presidente Milei tiene listo el decreto que veta la reforma universitaria. Tambi\u00e9n presentar\u00e1 la privatizaci\u00f3n de Aerol\u00edneas, mientras se dilata el debate del Presupuesto 2025 &nbsp; &nbsp; El Gobierno nacional deber\u00e1 enfrentar otra semana de complicaciones por varios temas que preocupan al presidente Javier Milei. El eje m\u00e1s conflictivo ser\u00e1 la marcha universitaria prevista para el 2 de octubre mientras fue rechazado el aumento a los docentes con un refuerzo adicional de 5,8 por ciento en octubre. Desde Capital Humano aseguran que est\u00e1 abierto el di\u00e1logo con los gremios&#8230;<\/p>\n","protected":false},"author":3,"featured_media":120570,"comment_status":"closed","ping_status":"closed","sticky":false,"template":"","format":"standard","meta":[],"categories":[9],"tags":[],"_links":{"self":[{"href":"https:\/\/www.actualidadadiario.com\/index.php\/wp-json\/wp\/v2\/posts\/120865"}],"collection":[{"href":"https:\/\/www.actualidadadiario.com\/index.php\/wp-json\/wp\/v2\/posts"}],"about":[{"href":"https:\/\/www.actualidadadiario.com\/index.php\/wp-json\/wp\/v2\/types\/post"}],"author":[{"embeddable":true,"href":"https:\/\/www.actualidadadiario.com\/index.php\/wp-json\/wp\/v2\/users\/3"}],"replies":[{"embeddable":true,"href":"https:\/\/www.actualidadadiario.com\/index.php\/wp-json\/wp\/v2\/comments?post=120865"}],"version-history":[{"count":1,"href":"https:\/\/www.actualidadadiario.com\/index.php\/wp-json\/wp\/v2\/posts\/120865\/revisions"}],"predecessor-version":[{"id":120866,"href":"https:\/\/www.actualidadadiario.com\/index.php\/wp-json\/wp\/v2\/posts\/120865\/revisions\/120866"}],"wp:featuredmedia":[{"embeddable":true,"href":"https:\/\/www.actualidadadiario.com\/index.php\/wp-json\/wp\/v2\/media\/120570"}],"wp:attachment":[{"href":"https:\/\/www.actualidadadiario.com\/index.php\/wp-json\/wp\/v2\/media?parent=120865"}],"wp:term":[{"taxonomy":"category","embeddable":true,"href":"https:\/\/www.actualidadadiario.com\/index.php\/wp-json\/wp\/v2\/categories?post=120865"},{"taxonomy":"post_tag","embeddable":true,"href":"https:\/\/www.actualidadadiario.com\/index.php\/wp-json\/wp\/v2\/tags?post=120865"}],"curies":[{"name":"wp","href":"https:\/\/api.w.org\/{rel}","templated":true}]}}