{"id":120859,"date":"2024-09-30T10:24:16","date_gmt":"2024-09-30T13:24:16","guid":{"rendered":"https:\/\/www.actualidadadiario.com\/?p=120859"},"modified":"2024-09-30T15:23:04","modified_gmt":"2024-09-30T18:23:04","slug":"incendios-en-cordoba-cuales-son-los-focos-que-siguen-activos-en-las-sierras-2","status":"publish","type":"post","link":"https:\/\/www.actualidadadiario.com\/index.php\/2024\/09\/30\/incendios-en-cordoba-cuales-son-los-focos-que-siguen-activos-en-las-sierras-2\/","title":{"rendered":"Incendios en C\u00f3rdoba: se espera una m\u00e1xima de 40 grados y hay temor por la reactivaci\u00f3n de focos"},"content":{"rendered":"<p style=\"text-align: center;\"><em><strong>Pese a que la mayor\u00eda de los incendios se mitigaron, contin\u00faa el riesgo extremo en la provincia<\/strong><\/em><\/p>\n<p>&nbsp;<\/p>\n<p>&nbsp;<\/p>\n<p>Los incendios en C\u00f3rdoba no dan tregua y pese a que se mitigaron varios de los focos este lunes se espera una temperatura m\u00e1xima de 40 grados por lo que hay temor de que se reactiven las llamas en algunos sectores.<\/p>\n<p>El \u00faltimo parte informado por el Gobierno de C\u00f3rdoba comunica que \u201csigue activo el incendio de la Quebrada de la Mermela, en el lado sur y norte. M\u00e1s de 150 bomberos, apoyados por 4 aviones y dos helic\u00f3pteros trabajan en la zona de Traslasierra y se van a sumar m\u00e1s durante el d\u00eda\u201d.<\/p>\n<p>A su vez, m\u00e1quinas viales trabajan para \u201chacer cortafuegos y evitar que el foco se acerque a la Reserva Chancan\u00ed\u201d.<\/p>\n<p>El fuego en San Marcos Sierras registra menor actividad y no representa riesgo de para las viviendas. Aun as\u00ed, el Servicio Meteorol\u00f3gico Nacional indic\u00f3 que se prev\u00e9n temperaturas de 40 grados y vientos fuertes en toda la provincia.<\/p>\n<p>\u201cSer\u00e1 otro d\u00eda con riesgo extremo de incendios forestales en todo el territorio provincial. Se alerta a la poblaci\u00f3n a maximizar cuidados y medidas de prevenci\u00f3n\u201d, expresaron.<\/p>\n<p>&nbsp;<\/p>\n<p><strong>Se declar\u00f3 el Desastre Agropecuario por los incendios<\/strong><\/p>\n<p>El Gobierno provincial anunci\u00f3 que frente al escenario de incendios se declar\u00f3 el desastre agropecuario. La medida alcanza a los productores afectados entre los meses de agosto y septiembre en las zonas productivas.<\/p>\n<p>Por la triste y grave situaci\u00f3n que se vive desde hace meses en la provincia, las autoridades informaron que ya se habilit\u00f3 el formulario para la carga de declaraciones juradas.<\/p>\n<p>Esta medida regir\u00e1 desde el 1\u00b0 de septiembre de 2024 hasta el 31 de agosto de 2025 para \u201clos productores agr\u00edcolas, forestales, frutihort\u00edcolas, ganaderos, tamberos y ap\u00edcolas de C\u00f3rdoba\u201d.<\/p>\n","protected":false},"excerpt":{"rendered":"<p>Pese a que la mayor\u00eda de los incendios se mitigaron, contin\u00faa el riesgo extremo en la provincia &nbsp; &nbsp; Los incendios en C\u00f3rdoba no dan tregua y pese a que se mitigaron varios de los focos este lunes se espera una temperatura m\u00e1xima de 40 grados por lo que hay temor de que se reactiven las llamas en algunos sectores. El \u00faltimo parte informado por el Gobierno de C\u00f3rdoba comunica que \u201csigue activo el incendio de la Quebrada de la Mermela, en el lado sur y norte. M\u00e1s de 150&#8230;<\/p>\n","protected":false},"author":3,"featured_media":120065,"comment_status":"closed","ping_status":"closed","sticky":false,"template":"","format":"standard","meta":[],"categories":[2],"tags":[],"_links":{"self":[{"href":"https:\/\/www.actualidadadiario.com\/index.php\/wp-json\/wp\/v2\/posts\/120859"}],"collection":[{"href":"https:\/\/www.actualidadadiario.com\/index.php\/wp-json\/wp\/v2\/posts"}],"about":[{"href":"https:\/\/www.actualidadadiario.com\/index.php\/wp-json\/wp\/v2\/types\/post"}],"author":[{"embeddable":true,"href":"https:\/\/www.actualidadadiario.com\/index.php\/wp-json\/wp\/v2\/users\/3"}],"replies":[{"embeddable":true,"href":"https:\/\/www.actualidadadiario.com\/index.php\/wp-json\/wp\/v2\/comments?post=120859"}],"version-history":[{"count":2,"href":"https:\/\/www.actualidadadiario.com\/index.php\/wp-json\/wp\/v2\/posts\/120859\/revisions"}],"predecessor-version":[{"id":120879,"href":"https:\/\/www.actualidadadiario.com\/index.php\/wp-json\/wp\/v2\/posts\/120859\/revisions\/120879"}],"wp:featuredmedia":[{"embeddable":true,"href":"https:\/\/www.actualidadadiario.com\/index.php\/wp-json\/wp\/v2\/media\/120065"}],"wp:attachment":[{"href":"https:\/\/www.actualidadadiario.com\/index.php\/wp-json\/wp\/v2\/media?parent=120859"}],"wp:term":[{"taxonomy":"category","embeddable":true,"href":"https:\/\/www.actualidadadiario.com\/index.php\/wp-json\/wp\/v2\/categories?post=120859"},{"taxonomy":"post_tag","embeddable":true,"href":"https:\/\/www.actualidadadiario.com\/index.php\/wp-json\/wp\/v2\/tags?post=120859"}],"curies":[{"name":"wp","href":"https:\/\/api.w.org\/{rel}","templated":true}]}}