{"id":120856,"date":"2024-09-30T10:19:56","date_gmt":"2024-09-30T13:19:56","guid":{"rendered":"https:\/\/www.actualidadadiario.com\/?p=120856"},"modified":"2024-09-30T10:19:56","modified_gmt":"2024-09-30T13:19:56","slug":"imputan-a-penitenciarios-de-rosario-por-denuncias-de-torturas-generalizadas-a-presos","status":"publish","type":"post","link":"https:\/\/www.actualidadadiario.com\/index.php\/2024\/09\/30\/imputan-a-penitenciarios-de-rosario-por-denuncias-de-torturas-generalizadas-a-presos\/","title":{"rendered":"Imputan a penitenciarios de Rosario por denuncias de torturas generalizadas a presos"},"content":{"rendered":"<p style=\"text-align: center;\"><em><strong>Las denunci\u00f3 la Defensa P\u00fablica en marzo pasado luego de una balacera contra micros que llevaban guardiac\u00e1rceles<\/strong><\/em><\/p>\n<p>&nbsp;<\/p>\n<p>&nbsp;<\/p>\n<p>Una fiscal de Violencia Institucional de Rosario imputar\u00e1 este lunes a cinco empleados del Servicio Penitenciario de Santa Fe por una denuncia de torturas contra detenidos en la c\u00e1rcel de Pi\u00f1ero ocurridas en marzo pasado, registradas horas despu\u00e9s de que dos micros que trasladaban a guardiac\u00e1rceles fueran baleados en un barrio de la periferia rosarina.<\/p>\n<p>La imputaci\u00f3n la concretar\u00e1 la fiscal Karina Bartocci contra seis penitenciarios, que deber\u00e1n presentarse con abogado defensor en una audiencia en la misma sede de la Fiscal\u00eda Regional Rosario fijada para las 9 del lunes 30 de septiembre. Son las primeras de este tipo por apremios, vejaciones y malos tratos en la c\u00e1rcel de Pi\u00f1ero, ubicada a 15 kil\u00f3metros de Rosario.<\/p>\n<p>La citaci\u00f3n llega tras una investigaci\u00f3n de seis meses del Ministerio P\u00fablico de la Acusaci\u00f3n (MPA) en Rosario. Es el efecto de una denuncia realizada por el Servicio P\u00fablico de la Defensa Penal y de abogados particulares. Estos indicaron que unos 150 reclusos fueron sometidos a diferentes tormentos horas despu\u00e9s de que personas no identificadas acribillaran a tiros, el 2 de marzo pasado, a dos \u00f3mnibus que llevaban empleados penitenciarios muy cerca del ingreso de la autopista Rosario-Santa Fe.<\/p>\n<p>Seg\u00fan lo planteado en los h\u00e1beas corpus esto desat\u00f3 una sucesi\u00f3n de violentas requisas dentro de la c\u00e1rcel de Pi\u00f1ero. Los defensores p\u00fablicos y privados recogieron testimonios y evidencia sobre una secuencia de brutales apremios atribuidos a efectivos del Grupo de Operaciones Especiales Penitenciarias (Goep) y la Unidad de Traslado de detenidos. Seg\u00fan denunciaron se aplicaron torturas como submarino seco, pu\u00f1etazos, patadas, palazos y picana el\u00e9ctrica.<\/p>\n<p>Los convocados son los empleados penitenciarios citados a imputativa son Dar\u00edo Santa Cruz, Roberto Romero Mart\u00ednez, Franco Sandoval, Brian Montes, Leonardo Portillo y Carlos Mart\u00edn Jerez. Es una audiencia que no prev\u00e9 privaci\u00f3n de la libertad y por eso no requiere ser frente a un magistrado. No ser\u00e1 por tanto p\u00fablica y se concretar\u00e1 en la sede la Fiscal\u00eda en el Centro de Justicia Penal de Rosario.<\/p>\n<p>El ataque contra el micro de penitenciarios ocurri\u00f3 en un mes signado por la violencia en Rosario luego de que el gobierno de Maximiliano Pullaro impusiera una pol\u00edtica de fuerte control, requisas y restricciones de visitas en especial a detenidos de alto perfil. La balacera contra el micro de guadiac\u00e1rceles, uno de los cuales fue rozado por un proyectil, se produjo en la misma semana que el Ministerio de Seguridad difundiera fotos de presos formados en el estilo que se popularizara en las prisiones de El Salvador con la pol\u00edtica de seguridad de Nayib Bukele.<\/p>\n<p>El h\u00e1beas corpus presentado por el Servicio P\u00fablico de la Defensa Penal fue rechazado por el juez de primera instancia Rafael Coria y luego por la camarista Carina Lurati que sin embargo exigi\u00f3 tareas de cuidado al Poder Ejecutivo en especial relaci\u00f3n a los presos bajo medida de aislamiento. En esa ocasi\u00f3n remarc\u00f3 que no estuvo en su rol descartar las denuncias de apremios y vejaciones en investigaci\u00f3n en el MPA, que es lo que justamente avanzar\u00e1 desde este lunes con imputaciones.<\/p>\n<p>&#8220;Los m\u00e9dicos del Instituto M\u00e9dico Legal fueron al penal, revisaron a todas las personas y constataron lesiones de todo tipo en 154 de ellas. Pedimos que a partir de eso se tratara el tema de las requisas, sobre todo c\u00f3mo deben ser las mismas. Pero el juez, a pesar de las heridas constatadas, se neg\u00f3 a tratar el tema. El juez solo trat\u00f3 el aislamiento y defini\u00f3 que se hizo bien en aislarlos&#8221;, dijo en su momento sobre el planteo del juez Coria la defensora general de Santa Fe, Estrella Moreno Robinson.<\/p>\n","protected":false},"excerpt":{"rendered":"<p>Las denunci\u00f3 la Defensa P\u00fablica en marzo pasado luego de una balacera contra micros que llevaban guardiac\u00e1rceles &nbsp; &nbsp; Una fiscal de Violencia Institucional de Rosario imputar\u00e1 este lunes a cinco empleados del Servicio Penitenciario de Santa Fe por una denuncia de torturas contra detenidos en la c\u00e1rcel de Pi\u00f1ero ocurridas en marzo pasado, registradas horas despu\u00e9s de que dos micros que trasladaban a guardiac\u00e1rceles fueran baleados en un barrio de la periferia rosarina. La imputaci\u00f3n la concretar\u00e1 la fiscal Karina Bartocci contra seis penitenciarios, que deber\u00e1n presentarse con abogado&#8230;<\/p>\n","protected":false},"author":3,"featured_media":120857,"comment_status":"closed","ping_status":"closed","sticky":false,"template":"","format":"standard","meta":[],"categories":[2],"tags":[],"_links":{"self":[{"href":"https:\/\/www.actualidadadiario.com\/index.php\/wp-json\/wp\/v2\/posts\/120856"}],"collection":[{"href":"https:\/\/www.actualidadadiario.com\/index.php\/wp-json\/wp\/v2\/posts"}],"about":[{"href":"https:\/\/www.actualidadadiario.com\/index.php\/wp-json\/wp\/v2\/types\/post"}],"author":[{"embeddable":true,"href":"https:\/\/www.actualidadadiario.com\/index.php\/wp-json\/wp\/v2\/users\/3"}],"replies":[{"embeddable":true,"href":"https:\/\/www.actualidadadiario.com\/index.php\/wp-json\/wp\/v2\/comments?post=120856"}],"version-history":[{"count":1,"href":"https:\/\/www.actualidadadiario.com\/index.php\/wp-json\/wp\/v2\/posts\/120856\/revisions"}],"predecessor-version":[{"id":120858,"href":"https:\/\/www.actualidadadiario.com\/index.php\/wp-json\/wp\/v2\/posts\/120856\/revisions\/120858"}],"wp:featuredmedia":[{"embeddable":true,"href":"https:\/\/www.actualidadadiario.com\/index.php\/wp-json\/wp\/v2\/media\/120857"}],"wp:attachment":[{"href":"https:\/\/www.actualidadadiario.com\/index.php\/wp-json\/wp\/v2\/media?parent=120856"}],"wp:term":[{"taxonomy":"category","embeddable":true,"href":"https:\/\/www.actualidadadiario.com\/index.php\/wp-json\/wp\/v2\/categories?post=120856"},{"taxonomy":"post_tag","embeddable":true,"href":"https:\/\/www.actualidadadiario.com\/index.php\/wp-json\/wp\/v2\/tags?post=120856"}],"curies":[{"name":"wp","href":"https:\/\/api.w.org\/{rel}","templated":true}]}}