{"id":120850,"date":"2024-09-30T10:12:09","date_gmt":"2024-09-30T13:12:09","guid":{"rendered":"https:\/\/www.actualidadadiario.com\/?p=120850"},"modified":"2024-09-30T10:12:09","modified_gmt":"2024-09-30T13:12:09","slug":"crisis-universitaria-a-dias-de-la-marcha-la-uba-denuncio-que-mas-del-60-de-sus-trabajadores-son-pobres","status":"publish","type":"post","link":"https:\/\/www.actualidadadiario.com\/index.php\/2024\/09\/30\/crisis-universitaria-a-dias-de-la-marcha-la-uba-denuncio-que-mas-del-60-de-sus-trabajadores-son-pobres\/","title":{"rendered":"Crisis universitaria: a d\u00edas de la marcha, la UBA denunci\u00f3 que m\u00e1s del 60% de sus trabajadores son pobres"},"content":{"rendered":"<p style=\"text-align: center;\"><em><strong>Emiliano Yacobitti defendi\u00f3 la movilizaci\u00f3n del 2 de octubre en defensa de las universidades. Y le pidi\u00f3 al Gobierno que no vete la ley de financiamiento<\/strong><\/em><\/p>\n<p>&nbsp;<\/p>\n<p>&nbsp;<\/p>\n<p>A pocos d\u00edas de la marcha universitaria del 2 de octubre, la Universidad de Buenos Aires sali\u00f3 a plantarle cara al gobierno de Javier Milei por el ajuste presupuestario. El vicerrector de la UBA, Emiliano Yacobitti, cuestion\u00f3 el recorte de fondos y alert\u00f3 que actualmente \u201cm\u00e1s del 60% de los trabajadores universitarios son pobres\u201d.<\/p>\n<p>La pelea de las universidades con el Poder Ejecutivo por la ley de financiamiento del sector volver\u00e1 a las calles el pr\u00f3ximo mi\u00e9rcoles, en una reedici\u00f3n del conflicto de abril pasado, cuando los trabajadores y los estudiantes reclamaron a la administraci\u00f3n libertaria por un incremento de los fondos, ante la cr\u00edtica situaci\u00f3n de las instituciones.<\/p>\n<p>Ahora, casi seis meses despu\u00e9s, se concentrar\u00e1n nuevamente para pedirle al presidente Javier Milei que desista de vetar la legislaci\u00f3n, sancionada por el Congreso, que prev\u00e9 incrementar los desembolsos para las universidades nacionales, tanto para gastos de funcionamiento como para salarios.<\/p>\n<p>&nbsp;<\/p>\n<p><strong>La advertencia de la UBA: seis de cada 10 trabajadores son pobres<\/strong><\/p>\n<p>La situaci\u00f3n actual es cr\u00edtica. \u201cHoy ten\u00e9s m\u00e1s del 60% de los trabajadores de la universidad en todas las categor\u00edas bajo la l\u00ednea de pobreza\u201d, expres\u00f3 Yacobitti y ejemplific\u00f3: \u201cUn profesor adjunto que tiene dedicaci\u00f3n exclusiva, ocho horas por d\u00eda todos los d\u00edas de la semana, est\u00e1 cobrando $840.000 pesos en mano\u201d.<\/p>\n<p>La p\u00e9rdida del poder adquisitivo de los sueldos docentes y no docentes es un golpe directo a la calidad educativa de la universidad. Al no llegar a fin de mes, los trabajadores se ven obligados a bajar su dedicaci\u00f3n para buscar otros empleos. \u201cAlgunos consiguen ofertas de las universidades privadas, o de otros pa\u00edses, y eso va a generar una afectaci\u00f3n gigantesca\u201d, advirti\u00f3.<\/p>\n<p>En ese sentido, Yacobitti puso como ejemplo la renuncia masiva de profesores en la Facultad de Ciencias Veterinarias: en el \u00faltimo tiempo, 48 docentes dejaron sus cargos en busca de mejores condiciones salariales. \u201cEso es el 10% de la planta docente\u201d, dijo.<\/p>\n<p>El vicerrector de la UBA se\u00f1al\u00f3 que, por las condiciones actuales, la universidad \u201cno tiene c\u00f3mo retener al docente\u201d porque en las instituciones privadas \u201cle ofrecen el doble o el triple de lo que cobra en la p\u00fablica\u201d. \u201cEn algunos casos les piden como requisito que dejen de dar clases en la UBA porque la consideran competencia\u201d, cont\u00f3 en di\u00e1logo con Radio con Vos.<\/p>\n<p>&nbsp;<\/p>\n<p><strong>Ajuste en las universidades: trabajadores docentes y no docentes perdieron 50% de los ingresos<\/strong><\/p>\n<p>Luego, profundiz\u00f3 sobre la p\u00e9rdida del poder adquisitivo de los sueldos durante el a\u00f1o en curso: \u201cEn los \u00faltimos nueve meses se dio un ajuste sobre los salarios de los profesores universitarios y del resto de los trabajadores, que de por s\u00ed no eran salarios que ven\u00edan muy bien, pero que nunca en la historia de la democracia hasta ahora tuvieron la p\u00e9rdida del poder adquisitivo que est\u00e1n teniendo\u201d.<\/p>\n<p>Yacobitti se\u00f1al\u00f3 que en el Ejecutivo reconocen el impacto del ajuste en los ingresos de los trabajadores. \u201cHoy reconocen dos cosas que hasta ahora no reconoc\u00edan: primero que la p\u00e9rdida es casi del 50% con respecto a la inflaci\u00f3n, y segundo que la p\u00e9rdida salarial que tuvieron los universitarios es como m\u00ednimo un 20% m\u00e1s alta que el resto de los trabajadores del Estado, esto hasta hace poco se negaba\u201d, dijo.<\/p>\n<p>Pese a admitir la gravedad de la situaci\u00f3n, el Gobierno no se correr\u00e1 de su posici\u00f3n y avanzar\u00e1 con el veto de la ley, el cual ser\u00e1 publicado horas despu\u00e9s de la movilizaci\u00f3n. Por ley, el Presidente tiene tiempo hasta el 3 de octubre.<\/p>\n<p>&nbsp;<\/p>\n<p><strong>Cu\u00e1nto le costar\u00eda al Estado la ley de financiamiento universitario<\/strong><\/p>\n<p>El argumento oficial es de \u00edndole fiscal: sostener el equilibrio de las cuentas p\u00fablicas. Sin embargo, un an\u00e1lisis de la Oficina de Presupuesto del Congreso asegura que con el 0,14% del PBI alcanza para pagar la actualizaci\u00f3n de los gastos de funcionamiento de las universidades y sus hospitales, los fondos de ciencia y t\u00e9cnica, y la recomposici\u00f3n salarial.<\/p>\n<p>Yacobitti revel\u00f3 que en las \u00faltimas reuniones que mantuvo con funcionarios del Ministerio de Econom\u00eda reconocen que el gasto estatal que insumir\u00eda cumplir con la ley ser\u00eda irrelevante para el d\u00e9ficit. \u201cTodos te dicen que el costo de las universidades es insignificante para el d\u00e9ficit\u201d, dijo.<\/p>\n<p>El vicerrector afirm\u00f3 que \u201ccomparativamente el beneficio que genera la universidad p\u00fablica, es una inversi\u00f3n, no un gasto\u201d, a diferencia de lo que opina el Gobierno. A pesar de ello cuestion\u00f3 la postura de Javier Milei: \u201cEl presidente no quiere dar el brazo a torcer en cuanto a que el Congreso tenga un rol con respecto a las leyes que \u00e9l veta, y \u00e9sta debe caer en la misma bolsa\u201d.<\/p>\n<p>De cara a un eventual tratamiento del veto en el Congreso, como ocurri\u00f3 con la ley sobre jubilaciones, Yacobitti se refiri\u00f3 al rol de los diputados. \u201cLo que nosotros estamos planteando entre los rectores, estudiantes y trabajadores es que la mayor\u00eda de los diputados fueron electos diciendo que iban a defender a la universidad p\u00fablica, que cre\u00edan en un Estado que funcionara de manera eficiente. Tenemos un nivel de aceptaci\u00f3n y credibilidad tan grande en la sociedad porque es una parte del Estado que funciona, entonces tenemos que cuidarla mucho m\u00e1s que al resto de las cosas\u201d, insisti\u00f3.<\/p>\n","protected":false},"excerpt":{"rendered":"<p>Emiliano Yacobitti defendi\u00f3 la movilizaci\u00f3n del 2 de octubre en defensa de las universidades. Y le pidi\u00f3 al Gobierno que no vete la ley de financiamiento &nbsp; &nbsp; A pocos d\u00edas de la marcha universitaria del 2 de octubre, la Universidad de Buenos Aires sali\u00f3 a plantarle cara al gobierno de Javier Milei por el ajuste presupuestario. El vicerrector de la UBA, Emiliano Yacobitti, cuestion\u00f3 el recorte de fondos y alert\u00f3 que actualmente \u201cm\u00e1s del 60% de los trabajadores universitarios son pobres\u201d. La pelea de las universidades con el Poder&#8230;<\/p>\n","protected":false},"author":3,"featured_media":120772,"comment_status":"closed","ping_status":"closed","sticky":false,"template":"","format":"standard","meta":[],"categories":[2],"tags":[],"_links":{"self":[{"href":"https:\/\/www.actualidadadiario.com\/index.php\/wp-json\/wp\/v2\/posts\/120850"}],"collection":[{"href":"https:\/\/www.actualidadadiario.com\/index.php\/wp-json\/wp\/v2\/posts"}],"about":[{"href":"https:\/\/www.actualidadadiario.com\/index.php\/wp-json\/wp\/v2\/types\/post"}],"author":[{"embeddable":true,"href":"https:\/\/www.actualidadadiario.com\/index.php\/wp-json\/wp\/v2\/users\/3"}],"replies":[{"embeddable":true,"href":"https:\/\/www.actualidadadiario.com\/index.php\/wp-json\/wp\/v2\/comments?post=120850"}],"version-history":[{"count":1,"href":"https:\/\/www.actualidadadiario.com\/index.php\/wp-json\/wp\/v2\/posts\/120850\/revisions"}],"predecessor-version":[{"id":120851,"href":"https:\/\/www.actualidadadiario.com\/index.php\/wp-json\/wp\/v2\/posts\/120850\/revisions\/120851"}],"wp:featuredmedia":[{"embeddable":true,"href":"https:\/\/www.actualidadadiario.com\/index.php\/wp-json\/wp\/v2\/media\/120772"}],"wp:attachment":[{"href":"https:\/\/www.actualidadadiario.com\/index.php\/wp-json\/wp\/v2\/media?parent=120850"}],"wp:term":[{"taxonomy":"category","embeddable":true,"href":"https:\/\/www.actualidadadiario.com\/index.php\/wp-json\/wp\/v2\/categories?post=120850"},{"taxonomy":"post_tag","embeddable":true,"href":"https:\/\/www.actualidadadiario.com\/index.php\/wp-json\/wp\/v2\/tags?post=120850"}],"curies":[{"name":"wp","href":"https:\/\/api.w.org\/{rel}","templated":true}]}}