{"id":120842,"date":"2024-09-30T09:45:21","date_gmt":"2024-09-30T12:45:21","guid":{"rendered":"https:\/\/www.actualidadadiario.com\/?p=120842"},"modified":"2024-09-30T09:45:21","modified_gmt":"2024-09-30T12:45:21","slug":"esta-semana-habra-tres-dias-de-paro-docente-y-una-marcha-a-casa-de-gobierno","status":"publish","type":"post","link":"https:\/\/www.actualidadadiario.com\/index.php\/2024\/09\/30\/esta-semana-habra-tres-dias-de-paro-docente-y-una-marcha-a-casa-de-gobierno\/","title":{"rendered":"Esta semana habr\u00e1 tres d\u00edas de paro docente y una marcha a Casa de Gobierno"},"content":{"rendered":"<p style=\"text-align: center;\"><em><strong>Los docentes llevar\u00e1n adelante esta semana 72 horas de huelga en el marco de los reclamos salariales que mantienen con el gobierno provincial. En ese marco, volver\u00e1n a movilizarse este martes al Centro C\u00edvico<\/strong><\/em><\/p>\n<p>&nbsp;<\/p>\n<p>&nbsp;<\/p>\n<p>Esta semana habr\u00e1 tres d\u00edas de paro docente. Las negociaciones entre el Poder Ejecutivo y los sindicatos de los maestros arrancaron el 19 de julio y en medio s\u00f3lo uno de los cuatro gremios, la Uni\u00f3n Docentes Argentinos (UDA) acept\u00f3 la primera oferta salarial, el 22 de julio. Pero la mayoritaria Asociaci\u00f3n Gremial del Magisterio de Entre R\u00edos (Agmer), m\u00e1s la Asociaci\u00f3n del Magisterio de Ense\u00f1anza T\u00e9cnica (Amet) y el Sindicato Argentino de Docentes Particulares (Sadop) rechazaron, una y otra vez, las sucesivas ofertas.<\/p>\n<p>&nbsp;<\/p>\n<p><strong>Sin acuerdos<\/strong><\/p>\n<p>Sin acuerdo en la mesa paritaria, el Gobierno resolvi\u00f3, el 13 de agosto, pagar la propuesta salarial para el bimestre agosto-septiembre por decreto. Pero como el conflicto sigui\u00f3 con cinco paros durante el \u00faltimo mes, acudi\u00f3 a la Justicia con un pedido de conciliaci\u00f3n obligatoria, herramienta prevista en la Ley de Paritaria Docente.<\/p>\n<p>Por primera vez, no hubo acuerdo en ese \u00e1mbito. El viernes 20 de septiembre, la jueza laboral Mar\u00eda Alejandra Abud dio por fracasada esa v\u00eda y las partes quedaron en libertad de acci\u00f3n. Agmer, entonces, dispuso cinco d\u00edas de huelga, y el Gobierno, otra vez, acudi\u00f3 a la v\u00eda del decreto para disponer el aumento.<\/p>\n<p>El martes 24 el gobernador Rogelio Frigerio anunci\u00f3 en conferencia de prensa que la recomposici\u00f3n salarial para el \u00faltimo trimestre del a\u00f1o ser\u00eda v\u00eda decreto, se pagar\u00eda por planilla complementaria a partir del 10 de octubre y que se restituir\u00edan el Fondo de Incentivo Docente y el adicional por Conectividad con recursos provinciales.<\/p>\n<p>Sin acuerdo ni di\u00e1logo, Agmer convoc\u00f3 a 72 horas de paro, que se inician este martes 1\u00ba con una movilizaci\u00f3n provincial a Paran\u00e1.<\/p>\n<p>&nbsp;<\/p>\n<p><strong>Fonid y Conectividad se pagar\u00e1n a docentes por complementaria<\/strong><\/p>\n<p>La provincia pagar\u00e1 por planilla complementaria el Fonid y el \u00edtem Conectividad a partir del 10 de octubre. As\u00ed lo dispuso el gobernador Rogelio Frigerio, luego del anuncio que realizara en conferencia de prensa el \u00faltimo martes.<\/p>\n<p>Asimismo, se confirm\u00f3 que el bono de 40 mil pesos que ven\u00eda percibiendo el personal docente se cobrar\u00e1 por \u00faltima vez, ya que desde noviembre formar\u00e1 parte del sueldo, remunerativo y bonificable.<\/p>\n<p>Seg\u00fan se inform\u00f3 desde el gobierno provincial, la modalidad responde a que la finalizaci\u00f3n de la conciliaci\u00f3n obligatoria con los gremios docentes y la posterior publicaci\u00f3n del decreto (el n\u00famero 2.301\/24) se llev\u00f3 a cabo luego de la liquidaci\u00f3n de los haberes de septiembre. A partir del pr\u00f3ximo mes se normalizar\u00e1 la situaci\u00f3n.<\/p>\n<p>Vale aclarar que, aunque a\u00fan es reconocido como Fonid (acr\u00f3nimo de Fondo Nacional de Incentivo Docente), desde ahora es la provincia de Entre R\u00edos la que se hace cargo de una compensaci\u00f3n que la Naci\u00f3n suprimi\u00f3 en enero de este a\u00f1o.<\/p>\n<p>&nbsp;<\/p>\n<p><strong>Propuesta salarial<\/strong><\/p>\n<p>Estas decisiones forman parte de la \u00faltima propuesta que el gobierno provincial realiz\u00f3 a los gremios docentes, en la cual tambi\u00e9n se incluye una recomposici\u00f3n salarial del 6,55 por ciento, remunerativa, durante los pr\u00f3ximos tres meses; actualizaci\u00f3n mes a mes seg\u00fan el \u00cdndice de Precios al Consumidor (IPC); aumento de la movilidad docente, llevando el tope de distancia a los 80 kil\u00f3metros; e implementaci\u00f3n de una cl\u00e1usula que garantice que el salario de bolsillo de los docentes sea, al menos, del 10 por ciento por encima del consumo de la canasta b\u00e1sica para un hogar de cuatro integrantes, seg\u00fan datos del Instituto Nacional de Estad\u00edstica y Censos (Indec).<\/p>\n<p>\u201cEn total, la inversi\u00f3n del Gobierno de Entre R\u00edos es de unos 70.000 millones de pesos para lo que resta del a\u00f1o\u201d, informaron desde el gobierno entrerriano.<\/p>\n","protected":false},"excerpt":{"rendered":"<p>Los docentes llevar\u00e1n adelante esta semana 72 horas de huelga en el marco de los reclamos salariales que mantienen con el gobierno provincial. En ese marco, volver\u00e1n a movilizarse este martes al Centro C\u00edvico &nbsp; &nbsp; Esta semana habr\u00e1 tres d\u00edas de paro docente. Las negociaciones entre el Poder Ejecutivo y los sindicatos de los maestros arrancaron el 19 de julio y en medio s\u00f3lo uno de los cuatro gremios, la Uni\u00f3n Docentes Argentinos (UDA) acept\u00f3 la primera oferta salarial, el 22 de julio. Pero la mayoritaria Asociaci\u00f3n Gremial del&#8230;<\/p>\n","protected":false},"author":3,"featured_media":58921,"comment_status":"closed","ping_status":"closed","sticky":false,"template":"","format":"standard","meta":[],"categories":[15],"tags":[],"_links":{"self":[{"href":"https:\/\/www.actualidadadiario.com\/index.php\/wp-json\/wp\/v2\/posts\/120842"}],"collection":[{"href":"https:\/\/www.actualidadadiario.com\/index.php\/wp-json\/wp\/v2\/posts"}],"about":[{"href":"https:\/\/www.actualidadadiario.com\/index.php\/wp-json\/wp\/v2\/types\/post"}],"author":[{"embeddable":true,"href":"https:\/\/www.actualidadadiario.com\/index.php\/wp-json\/wp\/v2\/users\/3"}],"replies":[{"embeddable":true,"href":"https:\/\/www.actualidadadiario.com\/index.php\/wp-json\/wp\/v2\/comments?post=120842"}],"version-history":[{"count":1,"href":"https:\/\/www.actualidadadiario.com\/index.php\/wp-json\/wp\/v2\/posts\/120842\/revisions"}],"predecessor-version":[{"id":120843,"href":"https:\/\/www.actualidadadiario.com\/index.php\/wp-json\/wp\/v2\/posts\/120842\/revisions\/120843"}],"wp:featuredmedia":[{"embeddable":true,"href":"https:\/\/www.actualidadadiario.com\/index.php\/wp-json\/wp\/v2\/media\/58921"}],"wp:attachment":[{"href":"https:\/\/www.actualidadadiario.com\/index.php\/wp-json\/wp\/v2\/media?parent=120842"}],"wp:term":[{"taxonomy":"category","embeddable":true,"href":"https:\/\/www.actualidadadiario.com\/index.php\/wp-json\/wp\/v2\/categories?post=120842"},{"taxonomy":"post_tag","embeddable":true,"href":"https:\/\/www.actualidadadiario.com\/index.php\/wp-json\/wp\/v2\/tags?post=120842"}],"curies":[{"name":"wp","href":"https:\/\/api.w.org\/{rel}","templated":true}]}}