{"id":12084,"date":"2017-05-24T09:30:04","date_gmt":"2017-05-24T12:30:04","guid":{"rendered":"http:\/\/actualidadadiario.com\/site\/?p=12084"},"modified":"2017-05-24T09:30:04","modified_gmt":"2017-05-24T12:30:04","slug":"aranguren-queremos-que-la-tarifa-electrica-sea-similar-en-todo-el-pais","status":"publish","type":"post","link":"https:\/\/www.actualidadadiario.com\/index.php\/2017\/05\/24\/aranguren-queremos-que-la-tarifa-electrica-sea-similar-en-todo-el-pais\/","title":{"rendered":"Aranguren: \u201cQueremos que la tarifa el\u00e9ctrica sea similar en todo el pa\u00eds\u201d"},"content":{"rendered":"<p><em><strong>El ministro dijo que a trav\u00e9s del Acuerdo Federal Energ\u00e9tico se buscar\u00e1 homogeneizar las facturas en todo el pa\u00eds, lo que eliminar\u00eda la brecha entre cada una de las provincias<\/strong><\/em><\/p>\n<p>&nbsp;<\/p>\n<p>&nbsp;<\/p>\n<p>&nbsp;<\/p>\n<p>El ministro de Energ\u00eda y Miner\u00eda de la Naci\u00f3n, Juan Jos\u00e9 Aranguren, coment\u00f3 en conferencia de prensa que va a impulsar un mecanismo para \u201carmonizar\u201d las tarifas el\u00e9ctricas de todas las distribuidoras del pa\u00eds. Es decir, el Gobierno buscar\u00e1 eliminar la amplia brecha en los precios al consumidor final de la electricidad que hay entre el interior y Buenos Aires.<\/p>\n<p>&nbsp;<\/p>\n<p>La idea es empezar a instrumentar ese mecanismo a partir del mes que viene en el Consejo Federal de la Energ\u00eda, creado a trav\u00e9s del acuerdo que se firm\u00f3 el mes pasado en Casa Rosada con los gobernadores y conformado por los ministros provinciales del \u00e1rea.<\/p>\n<p>&nbsp;<\/p>\n<p>All\u00ed se iniciar\u00e1 el tratamiento de una homogeneizaci\u00f3n del Valor Agregado de Distribuci\u00f3n (VAD) -que representa el 47% de la factura en la Ciudad de Buenos Aires y el conurbano- en todas las provincias, para que se pague aproximadamente lo mismo en todo el pa\u00eds a mediados de 2018 o, en su defecto, antes de que finalice el actual mandato presidencial.<\/p>\n<p>&nbsp;<\/p>\n<p>Actualmente, el Estado subsidia aproximadamente el 50% del costo de generaci\u00f3n de electricidad, calculado en $ 1270 por megavatio\/hora.<\/p>\n<p>&nbsp;<\/p>\n<p>En los pr\u00f3ximos d\u00edas, adem\u00e1s, se publicar\u00e1 en la web del Ministerio la informaci\u00f3n sobre qu\u00e9 porcentaje representan en cada provincia el costo de generaci\u00f3n, el VAD y los impuestos, con la idea de transparentar los precios.<\/p>\n<p>&nbsp;<\/p>\n<p>&nbsp;<\/p>\n<p><strong>Amparos<\/strong><\/p>\n<p>Asimismo, Aranguren critic\u00f3 el fallo del juez platense Luis Arias, que hizo lugar a una medida precautelar y suspendi\u00f3 moment\u00e1neamente el aumento de la luz para La Plata y el interior de la provincia de Buenos Aires, concesionado a 4 distribuidoras (Edelap, Eden, Edea y Edes).<\/p>\n<p>&nbsp;<\/p>\n<p>\u201cSabemos que los jueces fallan pol\u00edticamente\u201d, consider\u00f3, a la vez que defendi\u00f3 como \u201crazonable\u201d el incremento en ese sector del pa\u00eds, que iba a ser -de acuerdo a lo anunciado- de 58%, pero que asociaciones de consumidores denunciaron que ser\u00eda mayor al 100%.<\/p>\n<p>&nbsp;<\/p>\n<p>&nbsp;<\/p>\n<p><strong>Producci\u00f3n no convencional<\/strong><\/p>\n<p>En otros t\u00e9rminos, el funcionario anunci\u00f3 que hoy habr\u00e1 una reuni\u00f3n con las empresas petroleras para producir hidrocarburos no convencionales en Santa Cruz (lo que podr\u00eda atenuar la crisis del sector en esa provincia) y dijo que la demora en instrumentar la adenda para Vaca Muerta es \u201cnormal\u201d.<\/p>\n<p>&nbsp;<\/p>\n<p>En conjunto con otros medios nacionales y provinciales, El Cronista le consult\u00f3 a Aranguren acerca de los cambios para la formaci\u00f3n neuquina de hidrocarburos no convencionales.<\/p>\n<p>&nbsp;<\/p>\n<p><strong>&#8211; \u00bfLe preocupa particularmente a usted la tardanza en aplicar la totalidad de la adenda al convenio de trabajo?<\/strong><\/p>\n<p>&#8211; No. Es algo normal y s\u00e9 que a algunos les gustar\u00eda que fuera m\u00e1s r\u00e1pido, pero hay una certeza: lo que firmaron Guillermo Pereyra y Manuel Ar\u00e9valo (representantes de base y jer\u00e1rquicos, respectivamente) se va a cumplir.<\/p>\n<p>&nbsp;<\/p>\n<p><strong>&#8211; \u00bfYa se notan mejoras en la productividad de estos pozos que se puedan atribuir exclusivamente a estos cambios?<\/strong><\/p>\n<p>&#8211; Lo que hagamos este a\u00f1o se va a materializar en la productividad en 2018, sobre todo. Las inversiones van a llegar a entre u$s 15.000 millones y u$s 20.000 millones anuales por seis a\u00f1os cuando las compa\u00f1\u00edas pasen a las etapas de desarrollo. Cuanto m\u00e1s r\u00e1pido se concrete, vamos a dejar de importar Gas Natural Licuado (GNL) con mayor prontitud. Vamos a recuperar lo que se llama el \u201cautoabastecimiento\u201d de gas, pero las compras a Bolivia van a seguir por un tiempo (el contrato es hasta fines de 2026).<\/p>\n<p>&nbsp;<\/p>\n<p>Aranguren aprovech\u00f3 para recordar que las autoridades bolivianas dejaron de actualizar las previsiones de exportaci\u00f3n de gas para nuestro pa\u00eds. Hasta el 15 de abril, Bolivia inyect\u00f3 a los gasoductos argentinos un volumen mayor al contratado, pero desde hace un mes, con la cercan\u00eda del invierno, est\u00e1 por debajo de lo acordado. Es por eso que se hizo necesario el convenio que Enarsa firm\u00f3 con Chile la semana pasada para asegurarse la provisi\u00f3n del fluido.<\/p>\n<p>&nbsp;<\/p>\n<p>A la vuelta de la gira asi\u00e1tica, en la que acompa\u00f1\u00f3 al presidente Mauricio Macri, el funcionario adelant\u00f3 que en los pr\u00f3ximos d\u00edas se terminar\u00e1 de redactar el estudio de impacto ambiental de las represas hidroel\u00e9ctricas en Santa Cruz que financiar\u00e1 China.<\/p>\n<p>&nbsp;<\/p>\n<p>Por \u00faltimo, el ex Shell neg\u00f3 una protecci\u00f3n a su antecesor, el ex ministro de Planificaci\u00f3n Federal, Inversi\u00f3n P\u00fablica y Servicios Julio De Vido, tal como plante\u00f3 la diputada Elisa Carri\u00f3.<\/p>\n","protected":false},"excerpt":{"rendered":"<p>El ministro dijo que a trav\u00e9s del Acuerdo Federal Energ\u00e9tico se buscar\u00e1 homogeneizar las facturas en todo el pa\u00eds, lo que eliminar\u00eda la brecha entre cada una de las provincias &nbsp; &nbsp; &nbsp; El ministro de Energ\u00eda y Miner\u00eda de la Naci\u00f3n, Juan Jos\u00e9 Aranguren, coment\u00f3 en conferencia de prensa que va a impulsar un mecanismo para \u201carmonizar\u201d las tarifas el\u00e9ctricas de todas las distribuidoras del pa\u00eds. Es decir, el Gobierno buscar\u00e1 eliminar la amplia brecha en los precios al consumidor final de la electricidad que hay entre el interior&#8230;<\/p>\n","protected":false},"author":3,"featured_media":12085,"comment_status":"closed","ping_status":"closed","sticky":false,"template":"","format":"standard","meta":[],"categories":[18],"tags":[],"_links":{"self":[{"href":"https:\/\/www.actualidadadiario.com\/index.php\/wp-json\/wp\/v2\/posts\/12084"}],"collection":[{"href":"https:\/\/www.actualidadadiario.com\/index.php\/wp-json\/wp\/v2\/posts"}],"about":[{"href":"https:\/\/www.actualidadadiario.com\/index.php\/wp-json\/wp\/v2\/types\/post"}],"author":[{"embeddable":true,"href":"https:\/\/www.actualidadadiario.com\/index.php\/wp-json\/wp\/v2\/users\/3"}],"replies":[{"embeddable":true,"href":"https:\/\/www.actualidadadiario.com\/index.php\/wp-json\/wp\/v2\/comments?post=12084"}],"version-history":[{"count":1,"href":"https:\/\/www.actualidadadiario.com\/index.php\/wp-json\/wp\/v2\/posts\/12084\/revisions"}],"predecessor-version":[{"id":12086,"href":"https:\/\/www.actualidadadiario.com\/index.php\/wp-json\/wp\/v2\/posts\/12084\/revisions\/12086"}],"wp:featuredmedia":[{"embeddable":true,"href":"https:\/\/www.actualidadadiario.com\/index.php\/wp-json\/wp\/v2\/media\/12085"}],"wp:attachment":[{"href":"https:\/\/www.actualidadadiario.com\/index.php\/wp-json\/wp\/v2\/media?parent=12084"}],"wp:term":[{"taxonomy":"category","embeddable":true,"href":"https:\/\/www.actualidadadiario.com\/index.php\/wp-json\/wp\/v2\/categories?post=12084"},{"taxonomy":"post_tag","embeddable":true,"href":"https:\/\/www.actualidadadiario.com\/index.php\/wp-json\/wp\/v2\/tags?post=12084"}],"curies":[{"name":"wp","href":"https:\/\/api.w.org\/{rel}","templated":true}]}}