{"id":120839,"date":"2024-09-30T09:44:05","date_gmt":"2024-09-30T12:44:05","guid":{"rendered":"https:\/\/www.actualidadadiario.com\/?p=120839"},"modified":"2024-09-30T09:44:05","modified_gmt":"2024-09-30T12:44:05","slug":"el-gobierno-nacional-oficializo-la-designacion-de-juan-carlos-chagas-en-salto-grande","status":"publish","type":"post","link":"https:\/\/www.actualidadadiario.com\/index.php\/2024\/09\/30\/el-gobierno-nacional-oficializo-la-designacion-de-juan-carlos-chagas-en-salto-grande\/","title":{"rendered":"El gobierno nacional oficializ\u00f3 la designaci\u00f3n de Juan Carlos Chagas en Salto Grande"},"content":{"rendered":"<p style=\"text-align: center;\"><em><strong>A trav\u00e9s de la publicaci\u00f3n del decreto 859\/2024, que lleva la firma del presidente Javier Milei y de la canciller Diana Mondino, el Poder Ejecutivo provincial complet\u00f3 de esta forma la renovaci\u00f3n de la terna en la delegaci\u00f3n argentina<\/strong><\/em><\/p>\n<p>&nbsp;<\/p>\n<p>&nbsp;<\/p>\n<p>Fue a mediados de junio, cuando el senado trat\u00f3 el proyecto de la llamada Ley Bases y el senador nacional Edgardo Kueider fue uno de los legisladores que aport\u00f3 -con su presencia- al qu\u00f3rum que necesitaba el oficialismo para que comience el debate.<\/p>\n<p>En ese mismo y candente d\u00eda, Kueider fundament\u00f3 su acci\u00f3n esgrimiendo que hab\u00eda logrado la firma de un decreto del presidente Javier Milei que otorg\u00f3, a la provincia de Entre R\u00edos, la posibilidad de postular a los tres representantes que conducir\u00e1n la Delegaci\u00f3n Argentina en la Comisi\u00f3n T\u00e9cnica Mixta de Salto Grande.<\/p>\n<p>Sobre ese punto, las dos personas ya estaban elegidas: Juan Carlos Chagas y Pedro Galimberti.<\/p>\n<p>Ante la consulta de su sugerencia de Juan Carlos Chagas para que sea uno de los delegados argentinos en la CTM Salto Grande, Kueider explic\u00f3 que, en rigor, cuando Rogelio Frigerio \u201ctuvo el gesto de consultarme si ten\u00eda alguna sugerencia, le pase dos o tres nombres y uno de esos fue el de Chagas\u201d, sobre quien ponder\u00f3 \u201csu experiencia en el rubro energ\u00e9tico, ya que ha sido delegado, presidente de la delegaci\u00f3n (argentina en Salto Grande), pero tambi\u00e9n presidente de ENERSA. Por lo que tiene experiencia m\u00e1s que suficiente para estar en la delegaci\u00f3n\u201d.<\/p>\n<p>Finalmente, este lunes 30 de septiembre se public\u00f3 en el Bolet\u00edn Oficial del gobierno nacional donde se acepta la renuncia de H\u00e9ctor Mar\u00eda Maya y se remarca que, para reemplazarlo, \u201cla Provincia de ENTRE R\u00cdOS ha propuesto al se\u00f1or Juan Carlos CHAGAS para ocupar el cargo\u201d.<\/p>\n","protected":false},"excerpt":{"rendered":"<p>A trav\u00e9s de la publicaci\u00f3n del decreto 859\/2024, que lleva la firma del presidente Javier Milei y de la canciller Diana Mondino, el Poder Ejecutivo provincial complet\u00f3 de esta forma la renovaci\u00f3n de la terna en la delegaci\u00f3n argentina &nbsp; &nbsp; Fue a mediados de junio, cuando el senado trat\u00f3 el proyecto de la llamada Ley Bases y el senador nacional Edgardo Kueider fue uno de los legisladores que aport\u00f3 -con su presencia- al qu\u00f3rum que necesitaba el oficialismo para que comience el debate. En ese mismo y candente d\u00eda,&#8230;<\/p>\n","protected":false},"author":3,"featured_media":120840,"comment_status":"closed","ping_status":"closed","sticky":false,"template":"","format":"standard","meta":[],"categories":[15],"tags":[],"_links":{"self":[{"href":"https:\/\/www.actualidadadiario.com\/index.php\/wp-json\/wp\/v2\/posts\/120839"}],"collection":[{"href":"https:\/\/www.actualidadadiario.com\/index.php\/wp-json\/wp\/v2\/posts"}],"about":[{"href":"https:\/\/www.actualidadadiario.com\/index.php\/wp-json\/wp\/v2\/types\/post"}],"author":[{"embeddable":true,"href":"https:\/\/www.actualidadadiario.com\/index.php\/wp-json\/wp\/v2\/users\/3"}],"replies":[{"embeddable":true,"href":"https:\/\/www.actualidadadiario.com\/index.php\/wp-json\/wp\/v2\/comments?post=120839"}],"version-history":[{"count":1,"href":"https:\/\/www.actualidadadiario.com\/index.php\/wp-json\/wp\/v2\/posts\/120839\/revisions"}],"predecessor-version":[{"id":120841,"href":"https:\/\/www.actualidadadiario.com\/index.php\/wp-json\/wp\/v2\/posts\/120839\/revisions\/120841"}],"wp:featuredmedia":[{"embeddable":true,"href":"https:\/\/www.actualidadadiario.com\/index.php\/wp-json\/wp\/v2\/media\/120840"}],"wp:attachment":[{"href":"https:\/\/www.actualidadadiario.com\/index.php\/wp-json\/wp\/v2\/media?parent=120839"}],"wp:term":[{"taxonomy":"category","embeddable":true,"href":"https:\/\/www.actualidadadiario.com\/index.php\/wp-json\/wp\/v2\/categories?post=120839"},{"taxonomy":"post_tag","embeddable":true,"href":"https:\/\/www.actualidadadiario.com\/index.php\/wp-json\/wp\/v2\/tags?post=120839"}],"curies":[{"name":"wp","href":"https:\/\/api.w.org\/{rel}","templated":true}]}}