{"id":120835,"date":"2024-09-30T09:41:59","date_gmt":"2024-09-30T12:41:59","guid":{"rendered":"https:\/\/www.actualidadadiario.com\/?p=120835"},"modified":"2024-09-30T09:41:59","modified_gmt":"2024-09-30T12:41:59","slug":"avanza-la-causa-por-enriquecimiento-ilicito-contra-kueider","status":"publish","type":"post","link":"https:\/\/www.actualidadadiario.com\/index.php\/2024\/09\/30\/avanza-la-causa-por-enriquecimiento-ilicito-contra-kueider\/","title":{"rendered":"Avanza la causa por enriquecimiento il\u00edcito contra Kueider"},"content":{"rendered":"<p style=\"text-align: center;\"><em><strong>La Justicia entrerriana se encuentra llevando adelante diversas medidas probatorias en el marco de la investigaci\u00f3n sobre el patrimonio del senador nacional Edgardo Kueider. La causa se origin\u00f3 a partir de la denuncia realizada por un vecino de Concordia en relaci\u00f3n a la presunta propiedad de departamentos del legislador<\/strong><\/em><\/p>\n<p>&nbsp;<\/p>\n<p>&nbsp;<\/p>\n<p>El pasado jueves 26 el Colegio de Escribanos de Entre R\u00edos emiti\u00f3 una circular solicitando a los profesionales que informen a la fiscal\u00eda \u201csobre toda escritura p\u00fablica y\/o acto de certificaci\u00f3n de firma, cualquiera sea su objeto\u201d en la que intervenga el legislador y otras personas y empresas detalladas en el escrito.<\/p>\n<p>La misma fue acompa\u00f1ada con la copia del oficio en el cual se efect\u00faa el requerimiento enviado por la Unidad Fiscal de Concordia y la referencia del legajo respectivo.<\/p>\n<p>Seg\u00fan trascendi\u00f3 oportunamente, la causa se origin\u00f3 a partir de la denuncia realizada por un vecino de Concordia en relaci\u00f3n a la presunta propiedad de departamentos de lujo que Kueider habr\u00eda adquirido a trav\u00e9s de una empresa vinculada.<\/p>\n<p>Esta semana Kueider tambi\u00e9n estuvo en el centro de la escena medi\u00e1tica a ra\u00edz del anuncio que hizo sobre la conformaci\u00f3n de un nuevo bloque en el Senado de la Naci\u00f3n alineado con el oficialismo y que habr\u00eda sido promovido por el asesor presidencial Santiago Caputo.<\/p>\n","protected":false},"excerpt":{"rendered":"<p>La Justicia entrerriana se encuentra llevando adelante diversas medidas probatorias en el marco de la investigaci\u00f3n sobre el patrimonio del senador nacional Edgardo Kueider. La causa se origin\u00f3 a partir de la denuncia realizada por un vecino de Concordia en relaci\u00f3n a la presunta propiedad de departamentos del legislador &nbsp; &nbsp; El pasado jueves 26 el Colegio de Escribanos de Entre R\u00edos emiti\u00f3 una circular solicitando a los profesionales que informen a la fiscal\u00eda \u201csobre toda escritura p\u00fablica y\/o acto de certificaci\u00f3n de firma, cualquiera sea su objeto\u201d en la&#8230;<\/p>\n","protected":false},"author":3,"featured_media":108770,"comment_status":"closed","ping_status":"closed","sticky":false,"template":"","format":"standard","meta":[],"categories":[15],"tags":[],"_links":{"self":[{"href":"https:\/\/www.actualidadadiario.com\/index.php\/wp-json\/wp\/v2\/posts\/120835"}],"collection":[{"href":"https:\/\/www.actualidadadiario.com\/index.php\/wp-json\/wp\/v2\/posts"}],"about":[{"href":"https:\/\/www.actualidadadiario.com\/index.php\/wp-json\/wp\/v2\/types\/post"}],"author":[{"embeddable":true,"href":"https:\/\/www.actualidadadiario.com\/index.php\/wp-json\/wp\/v2\/users\/3"}],"replies":[{"embeddable":true,"href":"https:\/\/www.actualidadadiario.com\/index.php\/wp-json\/wp\/v2\/comments?post=120835"}],"version-history":[{"count":1,"href":"https:\/\/www.actualidadadiario.com\/index.php\/wp-json\/wp\/v2\/posts\/120835\/revisions"}],"predecessor-version":[{"id":120836,"href":"https:\/\/www.actualidadadiario.com\/index.php\/wp-json\/wp\/v2\/posts\/120835\/revisions\/120836"}],"wp:featuredmedia":[{"embeddable":true,"href":"https:\/\/www.actualidadadiario.com\/index.php\/wp-json\/wp\/v2\/media\/108770"}],"wp:attachment":[{"href":"https:\/\/www.actualidadadiario.com\/index.php\/wp-json\/wp\/v2\/media?parent=120835"}],"wp:term":[{"taxonomy":"category","embeddable":true,"href":"https:\/\/www.actualidadadiario.com\/index.php\/wp-json\/wp\/v2\/categories?post=120835"},{"taxonomy":"post_tag","embeddable":true,"href":"https:\/\/www.actualidadadiario.com\/index.php\/wp-json\/wp\/v2\/tags?post=120835"}],"curies":[{"name":"wp","href":"https:\/\/api.w.org\/{rel}","templated":true}]}}