{"id":120832,"date":"2024-09-30T09:41:19","date_gmt":"2024-09-30T12:41:19","guid":{"rendered":"https:\/\/www.actualidadadiario.com\/?p=120832"},"modified":"2024-09-30T09:41:19","modified_gmt":"2024-09-30T12:41:19","slug":"despidieron-del-cge-al-responsable-de-educacion-sexual","status":"publish","type":"post","link":"https:\/\/www.actualidadadiario.com\/index.php\/2024\/09\/30\/despidieron-del-cge-al-responsable-de-educacion-sexual\/","title":{"rendered":"Despidieron del CGE al responsable de Educaci\u00f3n Sexual"},"content":{"rendered":"<p style=\"text-align: center;\"><em><strong>El abogado Ariel Villanueva, un militante por el colectivo LGTB, qued\u00f3 afuera de la estructura del Consejo General de Educaci\u00f3n (CGE). La noticia se la comunicaron este viernes, por la ma\u00f1ana, de forma repentina<\/strong><\/em><\/p>\n<p>&nbsp;<\/p>\n<p>&nbsp;<\/p>\n<p>Hab\u00eda llegado en mayo \u00faltimo cuando lo designaron en el cargo de coordinador de Educaci\u00f3n Sexual Integral (ESI) y Pol\u00edticas de Cuidado en el \u00e1mbito educativo, bajo dependencia de la Direcci\u00f3n de Planeamiento Educativo.<\/p>\n<p>La decisi\u00f3n est\u00e1 contenida en la resoluci\u00f3n N\u00ba 354, del viernes 24 de mayo, dictada por el Consejo de Educaci\u00f3n.<\/p>\n<p>Villanueva fue funcionario de la gesti\u00f3n anterior: fue coordinador de Trabajo Decente en el \u00e1mbito de la Secretar\u00eda de Trabajo, y antes fue director de Restituci\u00f3n de Derechos en el Consejo Provincial del Ni\u00f1o, el Adolescente y la Familia (Copnaf).<\/p>\n<p>En el \u00faltimo tiempo viene trabajando desde una ONG en la inclusi\u00f3n y el respeto a la diversidad.<\/p>\n<p>Este a\u00f1o logr\u00f3 acceder a un cargo clave en Educaci\u00f3n. La norma establece que la Coordinaci\u00f3n ESI tendr\u00e1 a su cargo \u201cdise\u00f1ar, implementar y evaluar las pol\u00edticas educativas que garanticen en el territorio provincial el derecho a la Educaci\u00f3n Sexual Integral y sus cinco ejes: valoraci\u00f3n de la afectividad; cuidado del cuerpo y la salud; respeto por la diversidad; ejercicio de nuestros derechos sexuales y reconocimiento de la perspectiva de g\u00e9nero en los establecimientos educativos p\u00fablicos, p\u00fablicos de gesti\u00f3n privada y privados, de todos los niveles y modalidades de la provincia de Entre R\u00edos\u201d.<\/p>\n<p>Tambi\u00e9n, \u201cdise\u00f1ar, implementar y evaluar pol\u00edticas estrat\u00e9gicas para construir espacios de circulaci\u00f3n de la palabra en las instituciones educativas donde se generen procesos de subjetivaci\u00f3n que permitan construir recursos para el abordaje de las vulneraciones de derechos con el objetivo de propiciar una cultura del cuidado institucional, donde prime la diversidad, el di\u00e1logo y la afectividad\u201d.<\/p>\n<p>Villanueva es docente universitario: dicta la c\u00e1tedra de Derechos Humanos en la Licenciatura en Criminal\u00edstica de la Facultad de Ciencia y Tecnolog\u00eda de la Universidad Aut\u00f3noma de Entre R\u00edos (Uader) y es docente titular de \u00c9tica Profesional y Perspectiva de Identidad y Diversidad en la Licenciatura en Trabajo Social de la Universidad de Concepci\u00f3n del Uruguay (UCU).<\/p>\n<p>Adem\u00e1s, es fundador de la ONG Equal, que trabaja por la inclusi\u00f3n y la diversidad junto a su esposo, Exequiel Salvador.<\/p>\n","protected":false},"excerpt":{"rendered":"<p>El abogado Ariel Villanueva, un militante por el colectivo LGTB, qued\u00f3 afuera de la estructura del Consejo General de Educaci\u00f3n (CGE). La noticia se la comunicaron este viernes, por la ma\u00f1ana, de forma repentina &nbsp; &nbsp; Hab\u00eda llegado en mayo \u00faltimo cuando lo designaron en el cargo de coordinador de Educaci\u00f3n Sexual Integral (ESI) y Pol\u00edticas de Cuidado en el \u00e1mbito educativo, bajo dependencia de la Direcci\u00f3n de Planeamiento Educativo. La decisi\u00f3n est\u00e1 contenida en la resoluci\u00f3n N\u00ba 354, del viernes 24 de mayo, dictada por el Consejo de Educaci\u00f3n&#8230;.<\/p>\n","protected":false},"author":3,"featured_media":120833,"comment_status":"closed","ping_status":"closed","sticky":false,"template":"","format":"standard","meta":[],"categories":[15],"tags":[],"_links":{"self":[{"href":"https:\/\/www.actualidadadiario.com\/index.php\/wp-json\/wp\/v2\/posts\/120832"}],"collection":[{"href":"https:\/\/www.actualidadadiario.com\/index.php\/wp-json\/wp\/v2\/posts"}],"about":[{"href":"https:\/\/www.actualidadadiario.com\/index.php\/wp-json\/wp\/v2\/types\/post"}],"author":[{"embeddable":true,"href":"https:\/\/www.actualidadadiario.com\/index.php\/wp-json\/wp\/v2\/users\/3"}],"replies":[{"embeddable":true,"href":"https:\/\/www.actualidadadiario.com\/index.php\/wp-json\/wp\/v2\/comments?post=120832"}],"version-history":[{"count":1,"href":"https:\/\/www.actualidadadiario.com\/index.php\/wp-json\/wp\/v2\/posts\/120832\/revisions"}],"predecessor-version":[{"id":120834,"href":"https:\/\/www.actualidadadiario.com\/index.php\/wp-json\/wp\/v2\/posts\/120832\/revisions\/120834"}],"wp:featuredmedia":[{"embeddable":true,"href":"https:\/\/www.actualidadadiario.com\/index.php\/wp-json\/wp\/v2\/media\/120833"}],"wp:attachment":[{"href":"https:\/\/www.actualidadadiario.com\/index.php\/wp-json\/wp\/v2\/media?parent=120832"}],"wp:term":[{"taxonomy":"category","embeddable":true,"href":"https:\/\/www.actualidadadiario.com\/index.php\/wp-json\/wp\/v2\/categories?post=120832"},{"taxonomy":"post_tag","embeddable":true,"href":"https:\/\/www.actualidadadiario.com\/index.php\/wp-json\/wp\/v2\/tags?post=120832"}],"curies":[{"name":"wp","href":"https:\/\/api.w.org\/{rel}","templated":true}]}}