{"id":120829,"date":"2024-09-30T09:39:28","date_gmt":"2024-09-30T12:39:28","guid":{"rendered":"https:\/\/www.actualidadadiario.com\/?p=120829"},"modified":"2024-09-30T09:39:28","modified_gmt":"2024-09-30T12:39:28","slug":"estudiantes-entrerrianos-participaron-de-la-prueba-internacional-pisa","status":"publish","type":"post","link":"https:\/\/www.actualidadadiario.com\/index.php\/2024\/09\/30\/estudiantes-entrerrianos-participaron-de-la-prueba-internacional-pisa\/","title":{"rendered":"Estudiantes entrerrianos participaron de la prueba internacional PISA"},"content":{"rendered":"<p>Un total de 147 alumnos de tres escuelas entrerrianas formaron parte de una prueba muestral del Programa para la Evaluaci\u00f3n Internacional de Estudiantes (PISA, seg\u00fan la sigla en ingl\u00e9s) con miras al a\u00f1o 2025. Es la primera vez que se implementar\u00e1 en forma digital<\/p>\n<p>&nbsp;<\/p>\n<p>&nbsp;<\/p>\n<p>Un total de 147 alumnos de tres escuelas entrerrianas formaron parte de una prueba muestral del Programa para la Evaluaci\u00f3n Internacional de Estudiantes (PISA, seg\u00fan la sigla en ingl\u00e9s) con miras al a\u00f1o 2025. Es la primera vez que se implementar\u00e1 en forma digital.<\/p>\n<p>La coordinadora de Evaluaci\u00f3n e Investigaci\u00f3n Educativa del Consejo General de Educaci\u00f3n (CGE), Mariana Blanco, explic\u00f3 que &#8220;este a\u00f1o nuestra jurisdicci\u00f3n particip\u00f3 de la prueba piloto PISA, que se desarroll\u00f3 la segunda semana de septiembre, donde participaron alumnos de 15 a\u00f1os, nacidos entre el 1 de julio de 2008 y el 30 de junio de 2009&#8221;.<\/p>\n<p>Detall\u00f3 que las tres escuelas seleccionadas fueron la secundaria N\u00ba37 Manuel Belgrano urbana de ciclo orientado, General Francisco Ram\u00edrez T\u00e9cnica N\u00ba1 urbana t\u00e9cnica y Escuela Secundaria Yapey\u00fa N\u00ba62 rural de ciclo orientado.<\/p>\n<p>Blanco agreg\u00f3 que &#8220;esta instancia tuvo como objetivos la recopilaci\u00f3n de datos para poder garantizar que los instrumentos utilizados para la implementaci\u00f3n de la prueba definitiva sean s\u00f3lidos&#8221;.<\/p>\n<p>La prueba es la primera vez que se implementar\u00e1 en forma digital con un dispositivo que permite que los estudiantes puedan contestar y registrar la informaci\u00f3n y es necesario asegurar las condiciones de posibilidad de las pruebas durante 2025.<\/p>\n<p>Precis\u00f3 que los estudiantes realizaron las pruebas en notebooks, equipamiento que fue provisto en concepto de comodato por la Secretar\u00eda de Educaci\u00f3n del Ministerio de Capital Humano de la Naci\u00f3n.<\/p>\n<p>La coordinadora agradeci\u00f3 la predisposici\u00f3n y el trabajo en equipo de los perfiles coordinadores de escuelas, revisor t\u00e9cnico jurisdiccional, t\u00e9cnicos, aplicadores y estudiantes, quienes desempe\u00f1aron su rol en articulaci\u00f3n para garantizar el cumplimiento del protocolo de operativos internacionales.<\/p>\n","protected":false},"excerpt":{"rendered":"<p>Un total de 147 alumnos de tres escuelas entrerrianas formaron parte de una prueba muestral del Programa para la Evaluaci\u00f3n Internacional de Estudiantes (PISA, seg\u00fan la sigla en ingl\u00e9s) con miras al a\u00f1o 2025. Es la primera vez que se implementar\u00e1 en forma digital &nbsp; &nbsp; Un total de 147 alumnos de tres escuelas entrerrianas formaron parte de una prueba muestral del Programa para la Evaluaci\u00f3n Internacional de Estudiantes (PISA, seg\u00fan la sigla en ingl\u00e9s) con miras al a\u00f1o 2025. Es la primera vez que se implementar\u00e1 en forma digital&#8230;.<\/p>\n","protected":false},"author":3,"featured_media":120830,"comment_status":"closed","ping_status":"closed","sticky":false,"template":"","format":"standard","meta":[],"categories":[1],"tags":[],"_links":{"self":[{"href":"https:\/\/www.actualidadadiario.com\/index.php\/wp-json\/wp\/v2\/posts\/120829"}],"collection":[{"href":"https:\/\/www.actualidadadiario.com\/index.php\/wp-json\/wp\/v2\/posts"}],"about":[{"href":"https:\/\/www.actualidadadiario.com\/index.php\/wp-json\/wp\/v2\/types\/post"}],"author":[{"embeddable":true,"href":"https:\/\/www.actualidadadiario.com\/index.php\/wp-json\/wp\/v2\/users\/3"}],"replies":[{"embeddable":true,"href":"https:\/\/www.actualidadadiario.com\/index.php\/wp-json\/wp\/v2\/comments?post=120829"}],"version-history":[{"count":1,"href":"https:\/\/www.actualidadadiario.com\/index.php\/wp-json\/wp\/v2\/posts\/120829\/revisions"}],"predecessor-version":[{"id":120831,"href":"https:\/\/www.actualidadadiario.com\/index.php\/wp-json\/wp\/v2\/posts\/120829\/revisions\/120831"}],"wp:featuredmedia":[{"embeddable":true,"href":"https:\/\/www.actualidadadiario.com\/index.php\/wp-json\/wp\/v2\/media\/120830"}],"wp:attachment":[{"href":"https:\/\/www.actualidadadiario.com\/index.php\/wp-json\/wp\/v2\/media?parent=120829"}],"wp:term":[{"taxonomy":"category","embeddable":true,"href":"https:\/\/www.actualidadadiario.com\/index.php\/wp-json\/wp\/v2\/categories?post=120829"},{"taxonomy":"post_tag","embeddable":true,"href":"https:\/\/www.actualidadadiario.com\/index.php\/wp-json\/wp\/v2\/tags?post=120829"}],"curies":[{"name":"wp","href":"https:\/\/api.w.org\/{rel}","templated":true}]}}