{"id":120820,"date":"2024-09-27T14:32:49","date_gmt":"2024-09-27T17:32:49","guid":{"rendered":"https:\/\/www.actualidadadiario.com\/?p=120820"},"modified":"2024-09-27T14:32:49","modified_gmt":"2024-09-27T17:32:49","slug":"el-papa-francisco-dijo-que-la-iglesia-debe-avergonzarse-y-pedir-perdon-por-las-agresiones-sexuales-a-menores","status":"publish","type":"post","link":"https:\/\/www.actualidadadiario.com\/index.php\/2024\/09\/27\/el-papa-francisco-dijo-que-la-iglesia-debe-avergonzarse-y-pedir-perdon-por-las-agresiones-sexuales-a-menores\/","title":{"rendered":"El papa Francisco dijo que la Iglesia debe avergonzarse y pedir perd\u00f3n por las agresiones sexuales a menores"},"content":{"rendered":"<p style=\"text-align: center;\"><em><strong>El discurso hace referencia al esc\u00e1ndalo de la iglesia belga sobre abusos a infantes y adopciones forzadas. Se estima que unos 30.000 ni\u00f1os fueron retirados de sus madres entre 1945 y 1980<\/strong><\/em><\/p>\n<p>&nbsp;<\/p>\n<p>&nbsp;<\/p>\n<p>El papa Francisco afirm\u00f3 este viernes que la Iglesia cat\u00f3lica debe buscar el &#8220;perd\u00f3n&#8221; por el &#8220;flagelo&#8221; de los abusos sexuales a menores, en un discurso ante representantes pol\u00edticos y de la sociedad civil en B\u00e9lgica.<\/p>\n<p>&#8220;La Iglesia debe avergonzarse y pedir perd\u00f3n, y tratar de resolver esta situaci\u00f3n con humildad cristiana, y hacer todo lo posible para que no vuelva a suceder&#8221;, dijo el papa en el encuentro, del que particip\u00f3 el rey belga Felipe.<\/p>\n<p>&#8220;Pienso en los dram\u00e1ticos casos de abusos a menores, un flagelo que la Iglesia est\u00e1 afrontando con decisi\u00f3n y firmeza, escuchando y acompa\u00f1ando a las personas heridas e implementando un amplio programa de prevenci\u00f3n en todo el mundo&#8221;, expres\u00f3.<\/p>\n<p>&#8220;Esta es la verg\u00fcenza que todos tenemos que asumir ahora, pedir perd\u00f3n por ella, y resolver el problema&#8221;, dijo.<\/p>\n<p>En su discurso, el papa argentino hizo referencia a un enorme esc\u00e1ndalo que sacudi\u00f3 la iglesia belga el a\u00f1o pasado, relacionado con abusos a menores y adopciones forzadas de ni\u00f1os de madres solteras.<\/p>\n<p>&#8220;Me entristece el fen\u00f3meno de las &#8216;adopciones forzadas&#8217;, presentes tambi\u00e9n aqu\u00ed en B\u00e9lgica entre los a\u00f1os 50 y 70 del siglo pasado&#8221;, expres\u00f3.<\/p>\n<p>El sitio web belga HLN estima que unos 30.000 ni\u00f1os fueron retirados de sus madres en B\u00e9lgica entre 1945 y la d\u00e9cada de 1980. Obispos de B\u00e9lgica pidieron disculpas en 2023 y encargaron una investigaci\u00f3n independiente de los casos.<\/p>\n<p>&#8220;En esas historias espinosas se mezcl\u00f3 el fruto amargo de un crimen y un delito, con aquello que era lamentablemente el resultado de una mentalidad difundida en todos los estratos de la sociedad&#8221;, dijo el Papa.<\/p>\n<p>&#8220;Con frecuencia las familias y otras entidades sociales, incluida la Iglesia, pensaron que para quitar el estigma negativo, que desgraciadamente en esos tiempos afectaba a la que era madre soltera, ser\u00eda mejor para ambos, madre e hijo, que este \u00faltimo fuera adoptado&#8221;, acot\u00f3.<\/p>\n<p>&nbsp;<\/p>\n<p><strong>Tolerancia cero<\/strong><\/p>\n<p>Para el pont\u00edfice, que introdujo varias reformas para aumentar las penas a pederastas o penar los casos de encubrimiento, &#8220;el drama del abuso de menores es m\u00e1s escandaloso en la Iglesia porque, donde precisamente tienes que cuidar a la gente, la destruyes&#8221;.<\/p>\n<p>&#8220;Puede ser que haya gente que est\u00e9 jugando mal. La pol\u00edtica es limpiar. Si sabemos que est\u00e1 jugando mal que venga la denuncia y limpiamos, pero tolerancia cero, esa es la pol\u00edtica de la Iglesia&#8221;, a\u00f1adi\u00f3.<\/p>\n<p>&nbsp;<\/p>\n<p><strong>Documental en Star+<\/strong><\/p>\n<p>En el material audiovisual, Jorge Bergoglio plantea que la tolerancia cero no fue siempre la praxis habitual ya que antes &#8220;la tentaci\u00f3n de la Iglesia siempre fue cubrirlo, hasta que cay\u00f3 en la cuenta&#8221;.<\/p>\n<p>&#8220;Encontr\u00e9 de todo, desde el negacionista que niega hasta la evidencia y est\u00e1 cerrado y no le entran balas, hasta el arrepentido, que est\u00e1 llevando su pena por lo que hizo. La cultura del abuso est\u00e1 por todos lados, lamentablemente&#8221;, subray\u00f3.<\/p>\n<p>Para el Papa, de todos modos, con los nuevos marcos normativos, &#8220;la Iglesia est\u00e1 tratando de que sus curas y sus monjas no abusen. Hoy en d\u00eda creo que es un ejemplo de lucha contra los abusos lo que est\u00e1 haciendo cada di\u00f3cesis, el Vaticano, etc\u00e9tera&#8221;.<\/p>\n","protected":false},"excerpt":{"rendered":"<p>El discurso hace referencia al esc\u00e1ndalo de la iglesia belga sobre abusos a infantes y adopciones forzadas. Se estima que unos 30.000 ni\u00f1os fueron retirados de sus madres entre 1945 y 1980 &nbsp; &nbsp; El papa Francisco afirm\u00f3 este viernes que la Iglesia cat\u00f3lica debe buscar el &#8220;perd\u00f3n&#8221; por el &#8220;flagelo&#8221; de los abusos sexuales a menores, en un discurso ante representantes pol\u00edticos y de la sociedad civil en B\u00e9lgica. &#8220;La Iglesia debe avergonzarse y pedir perd\u00f3n, y tratar de resolver esta situaci\u00f3n con humildad cristiana, y hacer todo lo&#8230;<\/p>\n","protected":false},"author":3,"featured_media":120821,"comment_status":"closed","ping_status":"closed","sticky":false,"template":"","format":"standard","meta":[],"categories":[4],"tags":[],"_links":{"self":[{"href":"https:\/\/www.actualidadadiario.com\/index.php\/wp-json\/wp\/v2\/posts\/120820"}],"collection":[{"href":"https:\/\/www.actualidadadiario.com\/index.php\/wp-json\/wp\/v2\/posts"}],"about":[{"href":"https:\/\/www.actualidadadiario.com\/index.php\/wp-json\/wp\/v2\/types\/post"}],"author":[{"embeddable":true,"href":"https:\/\/www.actualidadadiario.com\/index.php\/wp-json\/wp\/v2\/users\/3"}],"replies":[{"embeddable":true,"href":"https:\/\/www.actualidadadiario.com\/index.php\/wp-json\/wp\/v2\/comments?post=120820"}],"version-history":[{"count":1,"href":"https:\/\/www.actualidadadiario.com\/index.php\/wp-json\/wp\/v2\/posts\/120820\/revisions"}],"predecessor-version":[{"id":120822,"href":"https:\/\/www.actualidadadiario.com\/index.php\/wp-json\/wp\/v2\/posts\/120820\/revisions\/120822"}],"wp:featuredmedia":[{"embeddable":true,"href":"https:\/\/www.actualidadadiario.com\/index.php\/wp-json\/wp\/v2\/media\/120821"}],"wp:attachment":[{"href":"https:\/\/www.actualidadadiario.com\/index.php\/wp-json\/wp\/v2\/media?parent=120820"}],"wp:term":[{"taxonomy":"category","embeddable":true,"href":"https:\/\/www.actualidadadiario.com\/index.php\/wp-json\/wp\/v2\/categories?post=120820"},{"taxonomy":"post_tag","embeddable":true,"href":"https:\/\/www.actualidadadiario.com\/index.php\/wp-json\/wp\/v2\/tags?post=120820"}],"curies":[{"name":"wp","href":"https:\/\/api.w.org\/{rel}","templated":true}]}}