{"id":12081,"date":"2017-05-24T09:28:34","date_gmt":"2017-05-24T12:28:34","guid":{"rendered":"http:\/\/actualidadadiario.com\/site\/?p=12081"},"modified":"2017-05-24T09:28:34","modified_gmt":"2017-05-24T12:28:34","slug":"acuerdan-ajuste-de-rojo-fiscal-y-definen-prestamo","status":"publish","type":"post","link":"https:\/\/www.actualidadadiario.com\/index.php\/2017\/05\/24\/acuerdan-ajuste-de-rojo-fiscal-y-definen-prestamo\/","title":{"rendered":"Acuerdan ajuste de rojo fiscal y definen pr\u00e9stamo"},"content":{"rendered":"<p><em><strong>El distrito patag\u00f3nico busca asistencia financiera de la Casa Rosada para revertir el estado cr\u00edtico de las cuentas p\u00fablicas. El viernes los docentes cumplen 50 d\u00edas de huelga<\/strong><\/em><\/p>\n<p>&nbsp;<\/p>\n<p>&nbsp;<\/p>\n<p>&nbsp;<\/p>\n<p>En medio de una provincia paralizada desde hace semanas por los retrasos salariales, el ministro del Interior, Rogelio Frigerio, y la gobernadora Alicia Kirchner (Frente para la Victoria) lograron ayer un principio de acuerdo hacia la reducci\u00f3n gradual del d\u00e9ficit fiscal en pos del equilibrio en 2019, que abrir\u00e1 paso a una asistencia financiera clave para el asfixiado distrito.<\/p>\n<p>&nbsp;<\/p>\n<p>Tras las febriles negociaciones desplegadas en los \u00faltimos d\u00edas, el entendimiento ser\u00e1 rubricado en las pr\u00f3ximas horas cuando la gobernadora sea recibida por el ministro de Finanzas, Luis Caputo.<\/p>\n<p>&nbsp;<\/p>\n<p>Al salir de la Casa Rosada, la mandataria dijo que el Gobierno la &#8220;apoyar\u00eda a trav\u00e9s de un fondo fiduciario&#8221;, pero aclar\u00f3 que eso &#8220;cubrir\u00eda una parte&#8221; del pasivo provincial.<\/p>\n<p>&nbsp;<\/p>\n<p>&#8220;Hemos tenido un avance. Se nos apoyar\u00eda a trav\u00e9s de un fondo fiduciario que falta todav\u00eda confeccionar el instrumento. A partir de ah\u00ed se dar\u00eda el apoyo a la provincia, aunque todav\u00eda tenemos que abrir otras l\u00edneas y para eso tengo que tener una reuni\u00f3n con el ministro de Finanzas, Luis Caputo&#8221;, sostuvo Kirchner.<\/p>\n<p>&nbsp;<\/p>\n<p>La hermana del expresidente N\u00e9stor Kirchner indic\u00f3 que el encuentro con el integrante del equipo econ\u00f3mico apunta a analizar &#8220;la posibilidad de cr\u00e9ditos u otros apoyos&#8221; para Santa Cruz, que atraviesa una delicada situaci\u00f3n financiera.<\/p>\n<p>&nbsp;<\/p>\n<p>Resalt\u00f3 que &#8220;el fondo fiduciario cubrir\u00eda una parte&#8221; y que &#8220;se necesitan otras l\u00edneas m\u00e1s&#8221; para darle aire a las finanzas del distrito patag\u00f3nico.<\/p>\n<p>&nbsp;<\/p>\n<p>Seg\u00fan pudo saber este diario, se trabaja sobre la idea de un &#8220;pr\u00e9stamo bilateral entre Naci\u00f3n y Provincia a trav\u00e9s del Fondo Fiduciario de Desarrollo Provincial&#8221;.<\/p>\n<p>&nbsp;<\/p>\n<p>&#8220;Estamos definiendo las l\u00edneas y las condiciones. Ser\u00e1n metas bimestrales&#8221;, precis\u00f3 un actor clave en las negociaciones y anticip\u00f3: &#8220;En 15 d\u00edas lo cerrar\u00edamos&#8221;.<\/p>\n<p>&nbsp;<\/p>\n<p>Horas antes del encuentro, el ministro de Gobierno, Fernando Basanta, enfatiz\u00f3 que &#8220;no vamos a dejar a ning\u00fan trabajador en la calle&#8221;, adem\u00e1s de remarcar que tampoco &#8220;negociar\u00e1n&#8221; la Caja de Previsi\u00f3n Social &#8220;de nuestros jubilados&#8221;. Puso as\u00ed temprano l\u00edmites a los esfuerzos que est\u00e1 dispuesta a hacer la mandataria en pos de reducir un d\u00e9ficit que a fin de a\u00f1o escalar\u00eda a $6.000 millones.<\/p>\n<p>&nbsp;<\/p>\n<p>Del c\u00f3nclave, que arranc\u00f3 cerca de las 18, participaron adem\u00e1s el vicegobernador Pablo Gonz\u00e1lez, el viceministro Sebasti\u00e1n Garc\u00eda de Luca y el secretario de Provincias, Alejandro Caldarelli.<\/p>\n<p>&nbsp;<\/p>\n<p>Sebasti\u00e1n Garc\u00eda de Luca; de Provincias, Alejandro Caldarelli; el subsecretario de Relaciones con Provincias, Paulino Caballero; y el director nacional de Relaciones Fiscales, Guillermo Giussi.<\/p>\n<p>&nbsp;<\/p>\n<p>En tanto, a la gobernadora la acompa\u00f1aron el vicegobernador, Pablo Gonz\u00e1lez; y el ministro de Econom\u00eda provincial, Juan Donnini.<\/p>\n<p>&nbsp;<\/p>\n<p>En paralelo, un &#8220;equipo de trabajo&#8221; del Ministerio de Educaci\u00f3n -que conduce Esteban Bullrich- desembarcar\u00e1 hoy en R\u00edo Gallegos para avanzar en una asistencia que permita destrabar el inicio de clases, precisamente en el d\u00eda en que los maestros volver\u00e1n a sentarse a negociar con el Ejecutivo tras el rechazo a una suba del 3% ofertada en marzo pasado.<\/p>\n<p>&nbsp;<\/p>\n<p>El viaje fue anunciado ayer por el titular de la cartera de Justicia nacional, Germ\u00e1n Garavano, y confirmado luego por Bullrich.<\/p>\n<p>&nbsp;<\/p>\n<p>&#8220;Vamos a mandar un equipo de personas que va a trabajar con la Provincia para tratar de separar el funcionamiento del sistema educativo de los problemas fiscales que ya la gobernadora reconoci\u00f3&#8221;, dijo Bullrich, adem\u00e1s de remarcar que &#8220;m\u00e1s all\u00e1 de los colores pol\u00edticos, lo importante es que, nazcas donde nazcas, tengas la misma posibilidad de tener una educaci\u00f3n de calidad y, hoy, en Santa Cruz eso no est\u00e1 pasando&#8221;.<\/p>\n<p>&nbsp;<\/p>\n<p>La iniciativa se da en l\u00ednea con la fuerte preocupaci\u00f3n por el dram\u00e1tico escenario que atraviesa el \u00e1mbito educativo local, ya que el ciclo lectivo virtualmente no arranc\u00f3 en las escuelas p\u00fablicas y, de hecho, el viernes los docentes cumplir\u00e1n 50 d\u00edas de huelga. Ante el temor de que los alumnos pierdan el a\u00f1o escolar, los padres reclaman una urgente intervenci\u00f3n de Naci\u00f3n.<\/p>\n<p>&nbsp;<\/p>\n<p>La pulseada de las \u00faltimas semanas entre Naci\u00f3n y Santa Cruz para trocar ajuste del d\u00e9ficit por fondos se dio en el marco de una escalada de huelgas de maestros, estatales, judiciales y trabajadores de la Salud, en queja por las demoras en el pago de sueldos y en reclamo de una recomposici\u00f3n salarial. Hoy, ese profundo malestar tomar\u00e1 la forma de un &#8220;Cabildo Abierto&#8221; que se desarrollar\u00e1 en la capital provincial<\/p>\n","protected":false},"excerpt":{"rendered":"<p>El distrito patag\u00f3nico busca asistencia financiera de la Casa Rosada para revertir el estado cr\u00edtico de las cuentas p\u00fablicas. El viernes los docentes cumplen 50 d\u00edas de huelga &nbsp; &nbsp; &nbsp; En medio de una provincia paralizada desde hace semanas por los retrasos salariales, el ministro del Interior, Rogelio Frigerio, y la gobernadora Alicia Kirchner (Frente para la Victoria) lograron ayer un principio de acuerdo hacia la reducci\u00f3n gradual del d\u00e9ficit fiscal en pos del equilibrio en 2019, que abrir\u00e1 paso a una asistencia financiera clave para el asfixiado distrito&#8230;.<\/p>\n","protected":false},"author":3,"featured_media":12082,"comment_status":"closed","ping_status":"closed","sticky":false,"template":"","format":"standard","meta":[],"categories":[2],"tags":[],"_links":{"self":[{"href":"https:\/\/www.actualidadadiario.com\/index.php\/wp-json\/wp\/v2\/posts\/12081"}],"collection":[{"href":"https:\/\/www.actualidadadiario.com\/index.php\/wp-json\/wp\/v2\/posts"}],"about":[{"href":"https:\/\/www.actualidadadiario.com\/index.php\/wp-json\/wp\/v2\/types\/post"}],"author":[{"embeddable":true,"href":"https:\/\/www.actualidadadiario.com\/index.php\/wp-json\/wp\/v2\/users\/3"}],"replies":[{"embeddable":true,"href":"https:\/\/www.actualidadadiario.com\/index.php\/wp-json\/wp\/v2\/comments?post=12081"}],"version-history":[{"count":1,"href":"https:\/\/www.actualidadadiario.com\/index.php\/wp-json\/wp\/v2\/posts\/12081\/revisions"}],"predecessor-version":[{"id":12083,"href":"https:\/\/www.actualidadadiario.com\/index.php\/wp-json\/wp\/v2\/posts\/12081\/revisions\/12083"}],"wp:featuredmedia":[{"embeddable":true,"href":"https:\/\/www.actualidadadiario.com\/index.php\/wp-json\/wp\/v2\/media\/12082"}],"wp:attachment":[{"href":"https:\/\/www.actualidadadiario.com\/index.php\/wp-json\/wp\/v2\/media?parent=12081"}],"wp:term":[{"taxonomy":"category","embeddable":true,"href":"https:\/\/www.actualidadadiario.com\/index.php\/wp-json\/wp\/v2\/categories?post=12081"},{"taxonomy":"post_tag","embeddable":true,"href":"https:\/\/www.actualidadadiario.com\/index.php\/wp-json\/wp\/v2\/tags?post=12081"}],"curies":[{"name":"wp","href":"https:\/\/api.w.org\/{rel}","templated":true}]}}