{"id":120804,"date":"2024-09-27T12:15:29","date_gmt":"2024-09-27T15:15:29","guid":{"rendered":"https:\/\/www.actualidadadiario.com\/?p=120804"},"modified":"2024-09-27T12:15:29","modified_gmt":"2024-09-27T15:15:29","slug":"francos-reconoce-la-situacion-como-grave-aunque-dice-que-el-gobierno-va-por-buen-camino","status":"publish","type":"post","link":"https:\/\/www.actualidadadiario.com\/index.php\/2024\/09\/27\/francos-reconoce-la-situacion-como-grave-aunque-dice-que-el-gobierno-va-por-buen-camino\/","title":{"rendered":"Francos reconoce la situaci\u00f3n como \u201cgrave\u201d, aunque dice que el Gobierno va \u201cpor buen camino\u201d"},"content":{"rendered":"<p style=\"text-align: center;\"><em><strong>El funcionario repas\u00f3 que en los a\u00f1os 70 \u201cla pobreza en la Argentina era del 5% y hoy estamos en el 50%. Algo se ha hecho mal durante muchas gestiones de Gobierno\u201d. Y dispar\u00f3 contra \u201cel populismo y la demagogia, que nos han llevado a esto\u201d<\/strong><\/em><\/p>\n<p>&nbsp;<\/p>\n<p>&nbsp;<\/p>\n<p>El \u00cdndice de Pobreza alcanz\u00f3 al t\u00e9rmino del primer semestre del a\u00f1o el 52,9%, en el que fue el dato m\u00e1s elevado desde 2003 y que est\u00e1 por encima del 41,7 % de finales del a\u00f1o pasado, y del 40,1% de enero-junio del 2023, seg\u00fan se desprende del informe difundido este jueves por el Instituto Nacional de Estad\u00edstica y Censos (Indec).<\/p>\n<p>El jefe de Gabinete, Guillermo Francos, asegur\u00f3 este viernes que desde el Gobierno que encabeza Javier Milei est\u00e1n \u201cconvencidos de que vamos por el buen camino\u201d. Para el funcionario, \u201cseguramente vamos a tener mejores resultados a\u00fan dentro de una situaci\u00f3n que reconocemos como grave y que ha sido heredada\u201d.<\/p>\n<p>En su an\u00e1lisis en CNN Radio, Francos repas\u00f3 que en los a\u00f1os 70 \u201cla pobreza en la Argentina era del 5%, hace 50 a\u00f1os. Hoy estamos en el 50%. Algo se ha hecho mal durante muchas gestiones de Gobierno\u201d.<\/p>\n<p>De acuerdo al funcionario, \u201cel populismo y la demagogia nos han llevado a esto. El Gobierno de Milei no es ni populista ni demagogo, habla con la verdad\u201d y agreg\u00f3 que desde la gesti\u00f3n libertaria son \u201coptimistas con que esto se va a corregir en los pr\u00f3ximos meses y a\u00f1os\u201d.<\/p>\n<p>Asimismo, se\u00f1al\u00f3 que en el Ejecutivo no creen \u201cque la soluci\u00f3n sean los planes sociales o los subsidios, sin perjuicio de que haya que hacerlo en este momento con los m\u00e1s vulnerables. Pero as\u00ed solo se ponen parches a la soluci\u00f3n: La verdadera soluci\u00f3n viene cuando la macroeconom\u00eda se ordena y se generan inversiones y trabajo\u201d.<\/p>\n<p>En el mismo sentido, el secretario de Trabajo, Julio Cordero, coincidi\u00f3 en que los datos de pobreza \u201crealmente conmueven\u201d y afirm\u00f3 que desde el Ejecutivo \u201cestamos ocup\u00e1ndonos mucho de eso en dos ejes. El primero, a trav\u00e9s de Capital Humano, con Sandra Pettovello y con todo su equipo, que lo primero que se hizo fue que las prestaciones lleguen directamente a la gente, sin intermediarios, para que puedan abastecerse en su familia\u201d. Y agreg\u00f3: \u201cDe todos los comedores que se auditaron, hay 4.000 a los cuales se les ha aumentado las prestaciones. Eso en la parte de ni\u00f1ez y familia\u201d.<\/p>\n<p>Seg\u00fan Cordero, en lo que respecta a su \u00e1rea, \u201clo que m\u00e1s les importa a las personas es permitirles la posibilidad de trabajar, que es un derecho humano, el derecho humano principal que tiene una persona es ganarse la vida trabajando\u201d.<\/p>\n","protected":false},"excerpt":{"rendered":"<p>El funcionario repas\u00f3 que en los a\u00f1os 70 \u201cla pobreza en la Argentina era del 5% y hoy estamos en el 50%. Algo se ha hecho mal durante muchas gestiones de Gobierno\u201d. Y dispar\u00f3 contra \u201cel populismo y la demagogia, que nos han llevado a esto\u201d &nbsp; &nbsp; El \u00cdndice de Pobreza alcanz\u00f3 al t\u00e9rmino del primer semestre del a\u00f1o el 52,9%, en el que fue el dato m\u00e1s elevado desde 2003 y que est\u00e1 por encima del 41,7 % de finales del a\u00f1o pasado, y del 40,1% de enero-junio&#8230;<\/p>\n","protected":false},"author":3,"featured_media":113129,"comment_status":"closed","ping_status":"closed","sticky":false,"template":"","format":"standard","meta":[],"categories":[18],"tags":[],"_links":{"self":[{"href":"https:\/\/www.actualidadadiario.com\/index.php\/wp-json\/wp\/v2\/posts\/120804"}],"collection":[{"href":"https:\/\/www.actualidadadiario.com\/index.php\/wp-json\/wp\/v2\/posts"}],"about":[{"href":"https:\/\/www.actualidadadiario.com\/index.php\/wp-json\/wp\/v2\/types\/post"}],"author":[{"embeddable":true,"href":"https:\/\/www.actualidadadiario.com\/index.php\/wp-json\/wp\/v2\/users\/3"}],"replies":[{"embeddable":true,"href":"https:\/\/www.actualidadadiario.com\/index.php\/wp-json\/wp\/v2\/comments?post=120804"}],"version-history":[{"count":1,"href":"https:\/\/www.actualidadadiario.com\/index.php\/wp-json\/wp\/v2\/posts\/120804\/revisions"}],"predecessor-version":[{"id":120805,"href":"https:\/\/www.actualidadadiario.com\/index.php\/wp-json\/wp\/v2\/posts\/120804\/revisions\/120805"}],"wp:featuredmedia":[{"embeddable":true,"href":"https:\/\/www.actualidadadiario.com\/index.php\/wp-json\/wp\/v2\/media\/113129"}],"wp:attachment":[{"href":"https:\/\/www.actualidadadiario.com\/index.php\/wp-json\/wp\/v2\/media?parent=120804"}],"wp:term":[{"taxonomy":"category","embeddable":true,"href":"https:\/\/www.actualidadadiario.com\/index.php\/wp-json\/wp\/v2\/categories?post=120804"},{"taxonomy":"post_tag","embeddable":true,"href":"https:\/\/www.actualidadadiario.com\/index.php\/wp-json\/wp\/v2\/tags?post=120804"}],"curies":[{"name":"wp","href":"https:\/\/api.w.org\/{rel}","templated":true}]}}