{"id":120797,"date":"2024-09-27T11:40:57","date_gmt":"2024-09-27T14:40:57","guid":{"rendered":"https:\/\/www.actualidadadiario.com\/?p=120797"},"modified":"2024-09-27T11:40:57","modified_gmt":"2024-09-27T14:40:57","slug":"micros-para-llevar-gente-y-el-desafio-de-hacer-un-acto-con-la-gestion-en-jaque-milei-vuelve-al-parque-lezama","status":"publish","type":"post","link":"https:\/\/www.actualidadadiario.com\/index.php\/2024\/09\/27\/micros-para-llevar-gente-y-el-desafio-de-hacer-un-acto-con-la-gestion-en-jaque-milei-vuelve-al-parque-lezama\/","title":{"rendered":"Micros para llevar gente y el desaf\u00edo de hacer un acto con la gesti\u00f3n en jaque: Milei vuelve al Parque Lezama"},"content":{"rendered":"<p style=\"text-align: center;\"><em><strong>El Presidente encabeza un acto este s\u00e1bado en el mismo escenario donde cerr\u00f3 sus campa\u00f1as en 2021. Busca \u201ccelebrar\u201d que La Libertad Avanza es un partido nacional, pero enfrenta las crisis por la pobreza, los incendios, los vetos y la ca\u00edda de su imagen. Habr\u00e1 traslado de militantes desde el conurbano<\/strong><\/em><\/p>\n<p>&nbsp;<\/p>\n<p>&nbsp;<\/p>\n<p>En medio del fren\u00e9tico viaje de Javier Milei a Nueva York, Karina Milei recibi\u00f3 un llamado desde Buenos Aires. Era Lule Menem, su mano derecha en la estrategia electoral libertaria. El subsecretario de Gesti\u00f3n Institucional buscaba a la secretar\u00eda General de Presidencia para terminar de definir qu\u00e9 hacer ma\u00f1ana en el acto en Parque Lezama: si se jugaban a los autoconvocados o mov\u00edan hilos invisibles para llevar gente. La orden que se baj\u00f3 fue una: se moviliza. Traducci\u00f3n: el Gobierno pondr\u00e1 colectivos para trasladar a personas este s\u00e1bado por la tarde cuando el Presidente festeje la creaci\u00f3n de La Libertad Avanza como partido nacional.<\/p>\n<p>\u201cSomos casta. No hay que pagar el costo de que no vaya nadie\u201d, admite una fuente territorial del oficialismo que ya tiene pedidos varios micros para llevar militantes desde el conurbano al sur de la Capital Federal. R\u00e1pido, el mismo puntero aclar\u00f3: \u201cSolo nos facilitan el traslado. Pero no hay comida ni bebida. No hay plata\u201d. No se viaja por el pancho y la coca.<\/p>\n<p>La apuesta del Gobierno este s\u00e1bado es juntar 15.000 personas en Parque Lezama, seg\u00fan recogi\u00f3 este medio directamente en Casa Rosada. Aunque reconocen que la convocatoria ser\u00eda en realidad de unas 10.000. Se eligi\u00f3 el lugar porque su valor simb\u00f3lico: all\u00ed se realizaron los cierres de campa\u00f1a de Milei en 2021, cuando el economista se gan\u00f3 una banca como diputado. Y tambi\u00e9n hay una explicaci\u00f3n un tanto m\u00e1s sorprendente: \u201cHoy no estamos en condiciones de movilizar mucha gente, pero se puede disfrazar con los \u00e1rboles y las tomas de las c\u00e1maras\u201d, solt\u00f3 otro operador mile\u00edsta del conurbano consultado.<\/p>\n<p>Si bien Milei llam\u00f3 a un acto para \u201ccelebrar\u201d la formaci\u00f3n del partido, que se busque movilizaci\u00f3n al mejor estilo peronista \u2013que tanto critica el oficialismo\u2013 es un dato. De hecho habr\u00e1 una puja por ver qu\u00e9 tribu libertaria convoca m\u00e1s. Las huestes bonaerenses de Sebasti\u00e1n Pareja, titular de la Secretar\u00eda de Integraci\u00f3n Socio Urbana (SISU), ya est\u00e1n calentando motores y se habla de unos cien micros. De La Matanza, por ejemplo, donde el funcionario estuvo este mi\u00e9rcoles, esperan llevar unas 800 personas. De San Mart\u00edn, un distrito donde los libertarios quedaron a tiro del PJ, van a movilizar 600 personas. En las redes hay convocatorias expl\u00edcitas para ir al acto en colectivos bancados por el oficialismo, aunque una fuente ligada a Pareja neg\u00f3 esa posibilidad y remarc\u00f3 que la gente ir\u00eda \u201cen sus veh\u00edculos o en transporte p\u00fablico\u201d.<\/p>\n<p>El acto es una reaparici\u00f3n p\u00fablica de Milei que se estaba trabajando en el Gobierno desde hace tiempo, pero que iba a tener otro punto geogr\u00e1fico: se hab\u00eda sondeado fuerte La Plata. Finalmente eso se suspendi\u00f3 cuando la agenda estaba dominada por la denuncia de violencia de g\u00e9nero que pesa sobre Alberto Fern\u00e1ndez. Fuentes subterr\u00e1neas confirmaron a este medio que en realidad otro de los motivos de por qu\u00e9 no se hizo el evento fue ante la recepci\u00f3n de trascendidos de que el peronismo iba a intentar boicotear cualquier aparici\u00f3n del Presidente en territorio bonaerense.<\/p>\n<p>Que ahora sea en Capital Federal denota que la due\u00f1a del evento es Karina. Ser\u00e1 la presidente de LLA a nivel nacional, luego de confirmarse esta semana que encabeza la Junta Promotora que se present\u00f3 ante la Justicia. Su vice es el titular de la C\u00e1mara de Diputados, Mart\u00edn Menem, Santiago Viola \u2013abogado muy cercano a la hermana del Presidente\u2013 y Lule Menem ser\u00e1n apoderados. Completan el grupo su mano derecha, la legisladora porte\u00f1a Pilar Ram\u00edrez, los diputados nacionales Lilia Lemoine, Roxana Cozzo, Gabriel Bornoroni, Alberto \u201cBertie\u201d Benegas Lynch, Romina Diez y C\u00e9sar Treffinger; el legislador fueguino Agust\u00edn Coto y la desconocida Roxana Cozzo, asistente secretaria general en Casa Rosada. Todos son personas de m\u00e1xima confianza de El Jefe.<\/p>\n<p>El discurso de Milei en Parque Lezama se espera para las 19, ya al caer la noche, lo que facilitar\u00e1\u00a0 tapar en la transmisi\u00f3n televisiva cualquier vac\u00edo de convocatoria. El acto se est\u00e1 organizando en el auditorio del parque, con un escenario dispuesto sobre la avenida Brasil. Tanto la comitiva oficial como los invitados ingresar\u00e1n a la zona por las calles Balcarce y Paseo Col\u00f3n. Habr\u00e1 funcionarios del gabinete, pero nadie espera que est\u00e9 en el acto la vice Victoria Villaruel.<\/p>\n<p>\u201cVa a servir para que Javier presente el partido nacional y dar los por qu\u00e9 tenemos que fortalecer un partido pol\u00edtico en esta etapa. Parque Lezama es volver donde todo comenz\u00f3\u201d, explic\u00f3 uno de los voceros del flamante sello LLA. Milei enfrentar\u00e1 al p\u00fablico en un momento complejo porque por primera vez las encuestas marcan una ca\u00edda dr\u00e1stica en la imagen de la gesti\u00f3n.<\/p>\n<p>Ese panorama se volvi\u00f3 m\u00e1s tormentoso en las \u00faltimas horas con la revelaci\u00f3n de un dram\u00e1tico aumento de la pobreza en los primeros seis meses del a\u00f1o y el paso en falso que dio el Presidente al viajar a C\u00f3rdoba para chequear el combate a los incendios: cuadrillas de bomberos lo esperaron en vano y encima el jefe de Estado difundi\u00f3 una fake news acusando a kirchneristas de provocar el fuego.<\/p>\n<p>Adem\u00e1s el Gobierno enfrenta la semana que viene una nueva marcha federal estudiantil ante el posible veto a la ley de financiamiento universitario y fue muy criticado por haber reprimido a jubilados tras el veto al aumento de los haberes previsionales. Ese \u00e1nimo impacta en el armado de Milei para el acto, como reconoci\u00f3 uno de los operadores territoriales libertarios: \u201cLa gente se est\u00e1 cagando de hambre y encima le pegan a los jubilados. Puedo bancarme que me critiquen por llevar colectivos, pero de pegarle a los viejos no se vuelve\u201d.<\/p>\n","protected":false},"excerpt":{"rendered":"<p>El Presidente encabeza un acto este s\u00e1bado en el mismo escenario donde cerr\u00f3 sus campa\u00f1as en 2021. Busca \u201ccelebrar\u201d que La Libertad Avanza es un partido nacional, pero enfrenta las crisis por la pobreza, los incendios, los vetos y la ca\u00edda de su imagen. Habr\u00e1 traslado de militantes desde el conurbano &nbsp; &nbsp; En medio del fren\u00e9tico viaje de Javier Milei a Nueva York, Karina Milei recibi\u00f3 un llamado desde Buenos Aires. Era Lule Menem, su mano derecha en la estrategia electoral libertaria. El subsecretario de Gesti\u00f3n Institucional buscaba a&#8230;<\/p>\n","protected":false},"author":3,"featured_media":120798,"comment_status":"closed","ping_status":"closed","sticky":false,"template":"","format":"standard","meta":[],"categories":[18],"tags":[],"_links":{"self":[{"href":"https:\/\/www.actualidadadiario.com\/index.php\/wp-json\/wp\/v2\/posts\/120797"}],"collection":[{"href":"https:\/\/www.actualidadadiario.com\/index.php\/wp-json\/wp\/v2\/posts"}],"about":[{"href":"https:\/\/www.actualidadadiario.com\/index.php\/wp-json\/wp\/v2\/types\/post"}],"author":[{"embeddable":true,"href":"https:\/\/www.actualidadadiario.com\/index.php\/wp-json\/wp\/v2\/users\/3"}],"replies":[{"embeddable":true,"href":"https:\/\/www.actualidadadiario.com\/index.php\/wp-json\/wp\/v2\/comments?post=120797"}],"version-history":[{"count":1,"href":"https:\/\/www.actualidadadiario.com\/index.php\/wp-json\/wp\/v2\/posts\/120797\/revisions"}],"predecessor-version":[{"id":120799,"href":"https:\/\/www.actualidadadiario.com\/index.php\/wp-json\/wp\/v2\/posts\/120797\/revisions\/120799"}],"wp:featuredmedia":[{"embeddable":true,"href":"https:\/\/www.actualidadadiario.com\/index.php\/wp-json\/wp\/v2\/media\/120798"}],"wp:attachment":[{"href":"https:\/\/www.actualidadadiario.com\/index.php\/wp-json\/wp\/v2\/media?parent=120797"}],"wp:term":[{"taxonomy":"category","embeddable":true,"href":"https:\/\/www.actualidadadiario.com\/index.php\/wp-json\/wp\/v2\/categories?post=120797"},{"taxonomy":"post_tag","embeddable":true,"href":"https:\/\/www.actualidadadiario.com\/index.php\/wp-json\/wp\/v2\/tags?post=120797"}],"curies":[{"name":"wp","href":"https:\/\/api.w.org\/{rel}","templated":true}]}}