{"id":120792,"date":"2024-09-27T11:38:18","date_gmt":"2024-09-27T14:38:18","guid":{"rendered":"https:\/\/www.actualidadadiario.com\/?p=120792"},"modified":"2024-09-27T11:38:18","modified_gmt":"2024-09-27T14:38:18","slug":"capital-humano-afirmo-que-visualiza-una-desaceleracion-de-la-pobreza","status":"publish","type":"post","link":"https:\/\/www.actualidadadiario.com\/index.php\/2024\/09\/27\/capital-humano-afirmo-que-visualiza-una-desaceleracion-de-la-pobreza\/","title":{"rendered":"Capital Humano afirm\u00f3 que &#8220;visualiza una desaceleraci\u00f3n\u201d de la pobreza"},"content":{"rendered":"<p style=\"text-align: center;\"><em><strong>El ministerio de conduce Sandra Pettovello difundi\u00f3 un dato intermedio para mostrar que hay una tendencia a la baja de la pobreza<\/strong><\/em><\/p>\n<p>&nbsp;<\/p>\n<p>&nbsp;<\/p>\n<p>Tras conocerse el dato del 52,9% de pobreza, el Ministerio de Capital Humano que conduce Sandra Pettovello sali\u00f3 a relativizar el difundido por el Indec en un comunicado donde afirm\u00f3 que \u201cvisualiza una desaceleraci\u00f3n\u201d de este \u00edndice.<\/p>\n<p>El texto que busca dar vuelta la estad\u00edstica de la proyecci\u00f3n del aumento de la pobreza se basa en datos propios de la cartera social que se\u00f1ala que los datos trimestrales muestran una tendencia a la baja.<\/p>\n<p>El pico habr\u00eda llegado en el primer trimestre del a\u00f1o con un 54,8%, seg\u00fan datos de la cartera encabezada por Pettovello. Los datos surgen del Sistema de Informaci\u00f3n, Evaluaci\u00f3n y Monitoreo de Programas Sociales (Siempro) del Consejo Nacional de Coordinaci\u00f3n de Pol\u00edticas Sociales, dependiente de Capital Humano.<\/p>\n<p>De acuerdo a los datos propios, la pobreza alcanz\u00f3 un pico del 54,8% en el primer trimestre de 2024, pero descendi\u00f3 al 51,0% en el segundo trimestre, lo que significa una recuperaci\u00f3n del 3,8%.<\/p>\n<p>Los n\u00fameros difundidos por Capital Humano buscan instalar que pese al dato del Indec hay una tendencia a la baja en los pr\u00f3ximos meses. La cartera atribuye este leve reducci\u00f3n a la \u201cefectividad del programa econ\u00f3mico que ha reducido dr\u00e1sticamente la inflaci\u00f3n\u201d y generando &#8220;una recuperaci\u00f3n\u201d de los salarios&#8221;.<\/p>\n<p>&#8220;Una macroeconom\u00eda ordenada, sin inflaci\u00f3n, es una condici\u00f3n necesaria para revertir el deterioro que enfrenta el pa\u00eds y lograr un crecimiento sostenido&#8221;, se\u00f1al\u00f3 el texto difundido en las redes sociales.<\/p>\n<p>El mismo comunicado aclar\u00f3 que &#8221; siendo conscientes de las elevadas cifras de pobreza&#8221;, el ministerio intensific\u00f3 los esfuerzos &#8220;para reforzar los programas&#8221; dirigidos a la ni\u00f1ez y a la adolescencia, como la Asignaci\u00f3n Universal por Hijo y el Plan 1000 d\u00edas.<\/p>\n<p>Dentro de las medidas tomadas por el Gobierno resaltaron el incremento de la cobertura de la Canasta Alimentaria pasando del 49% en diciembre de 2023 al 97,7 por ciento en la actualidad. Adem\u00e1s se ampli\u00f3 la cobertura de la Tarjeta Alimentar para incluir a los j\u00f3venes de hasta 17 a\u00f1os a partir de octubre.<\/p>\n<p>Seg\u00fan Capital Humano, la pobreza del grupo de 0 a 14 a\u00f1os &#8220;tuvo un\u00a0 menor aumento (-1,3 %) respecto a otros sectores poblacionales, por lo que consideraron que se &#8220;refleja el impacto positivo de las pol\u00edticas de asistencia implementadas&#8221;.<\/p>\n","protected":false},"excerpt":{"rendered":"<p>El ministerio de conduce Sandra Pettovello difundi\u00f3 un dato intermedio para mostrar que hay una tendencia a la baja de la pobreza &nbsp; &nbsp; Tras conocerse el dato del 52,9% de pobreza, el Ministerio de Capital Humano que conduce Sandra Pettovello sali\u00f3 a relativizar el difundido por el Indec en un comunicado donde afirm\u00f3 que \u201cvisualiza una desaceleraci\u00f3n\u201d de este \u00edndice. El texto que busca dar vuelta la estad\u00edstica de la proyecci\u00f3n del aumento de la pobreza se basa en datos propios de la cartera social que se\u00f1ala que los&#8230;<\/p>\n","protected":false},"author":3,"featured_media":115507,"comment_status":"closed","ping_status":"closed","sticky":false,"template":"","format":"standard","meta":[],"categories":[18],"tags":[],"_links":{"self":[{"href":"https:\/\/www.actualidadadiario.com\/index.php\/wp-json\/wp\/v2\/posts\/120792"}],"collection":[{"href":"https:\/\/www.actualidadadiario.com\/index.php\/wp-json\/wp\/v2\/posts"}],"about":[{"href":"https:\/\/www.actualidadadiario.com\/index.php\/wp-json\/wp\/v2\/types\/post"}],"author":[{"embeddable":true,"href":"https:\/\/www.actualidadadiario.com\/index.php\/wp-json\/wp\/v2\/users\/3"}],"replies":[{"embeddable":true,"href":"https:\/\/www.actualidadadiario.com\/index.php\/wp-json\/wp\/v2\/comments?post=120792"}],"version-history":[{"count":1,"href":"https:\/\/www.actualidadadiario.com\/index.php\/wp-json\/wp\/v2\/posts\/120792\/revisions"}],"predecessor-version":[{"id":120793,"href":"https:\/\/www.actualidadadiario.com\/index.php\/wp-json\/wp\/v2\/posts\/120792\/revisions\/120793"}],"wp:featuredmedia":[{"embeddable":true,"href":"https:\/\/www.actualidadadiario.com\/index.php\/wp-json\/wp\/v2\/media\/115507"}],"wp:attachment":[{"href":"https:\/\/www.actualidadadiario.com\/index.php\/wp-json\/wp\/v2\/media?parent=120792"}],"wp:term":[{"taxonomy":"category","embeddable":true,"href":"https:\/\/www.actualidadadiario.com\/index.php\/wp-json\/wp\/v2\/categories?post=120792"},{"taxonomy":"post_tag","embeddable":true,"href":"https:\/\/www.actualidadadiario.com\/index.php\/wp-json\/wp\/v2\/tags?post=120792"}],"curies":[{"name":"wp","href":"https:\/\/api.w.org\/{rel}","templated":true}]}}