{"id":120786,"date":"2024-09-27T11:32:24","date_gmt":"2024-09-27T14:32:24","guid":{"rendered":"https:\/\/www.actualidadadiario.com\/?p=120786"},"modified":"2024-09-27T11:32:24","modified_gmt":"2024-09-27T14:32:24","slug":"el-financial-times-senala-a-milei-ajuste-dispara-pobreza-al-529","status":"publish","type":"post","link":"https:\/\/www.actualidadadiario.com\/index.php\/2024\/09\/27\/el-financial-times-senala-a-milei-ajuste-dispara-pobreza-al-529\/","title":{"rendered":"El Financial Times se\u00f1ala a Milei: ajuste dispara pobreza al 52,9%"},"content":{"rendered":"<p style=\"text-align: center;\"><em><strong>Con la pobreza en su punto m\u00e1s alto en 20 a\u00f1os, el Financial Times pone en duda la estrategia econ\u00f3mica de Milei. \u00bfPuede revertir la crisis?<\/strong><\/em><\/p>\n<p>&nbsp;<\/p>\n<p>&nbsp;<\/p>\n<p>El Financial Times public\u00f3 un an\u00e1lisis preocupante sobre el aumento de la pobreza en Argentina, que ha alcanzado el 52,9%, la cifra m\u00e1s alta en dos d\u00e9cadas. El medio brit\u00e1nico atribuye el incremento a las pol\u00edticas de ajuste implementadas por el presidente Javier Milei desde su asunci\u00f3n en diciembre de 2023.<\/p>\n<p>&nbsp;<\/p>\n<p><strong>El impacto de las pol\u00edticas de ajuste de Milei<\/strong><\/p>\n<p>Desde que asumi\u00f3, Milei ha implementado un plan agresivo de reducci\u00f3n del gasto p\u00fablico. El Financial Times se\u00f1ala que, aunque su intenci\u00f3n es frenar la inflaci\u00f3n que rozaba el 300% en abril, estas pol\u00edticas han agravado la situaci\u00f3n de los m\u00e1s vulnerables, especialmente trabajadores y jubilados.<\/p>\n<p>&nbsp;<\/p>\n<p><strong>Las cr\u00edticas al programa econ\u00f3mico del gobierno<\/strong><\/p>\n<p>Diversas voces se alzaron en contra de las medidas adoptadas por el gobierno. Victoria Tolosa Paz, legisladora peronista, sostuvo que el ajuste \u201cgolpea a las familias trabajadoras y a los jubilados\u201d, y considera que estas decisiones profundizan la crisis.<\/p>\n<p>&nbsp;<\/p>\n<p><strong>La p\u00e9rdida de popularidad de Milei<\/strong><\/p>\n<p>Seg\u00fan una encuesta de Poliarqu\u00eda, la popularidad de Milei ha ca\u00eddo 7 puntos porcentuales desde agosto. El art\u00edculo menciona que el veto presidencial a una ley de aumento previsional ha sido especialmente criticado, afectando su respaldo entre los jubilados.<\/p>\n<p>&nbsp;<\/p>\n<p><strong>El desaf\u00edo de Milei: estabilizar la econom\u00eda y recuperar el apoyo popular<\/strong><\/p>\n<p>El Financial Times concluye que el presidente enfrenta un doble desaf\u00edo: estabilizar la econom\u00eda mientras intenta revertir la percepci\u00f3n negativa entre los ciudadanos. Aunque hay datos econ\u00f3micos favorables, la pobreza creciente y la inflaci\u00f3n siguen golpeando fuerte.<\/p>\n","protected":false},"excerpt":{"rendered":"<p>Con la pobreza en su punto m\u00e1s alto en 20 a\u00f1os, el Financial Times pone en duda la estrategia econ\u00f3mica de Milei. \u00bfPuede revertir la crisis? &nbsp; &nbsp; El Financial Times public\u00f3 un an\u00e1lisis preocupante sobre el aumento de la pobreza en Argentina, que ha alcanzado el 52,9%, la cifra m\u00e1s alta en dos d\u00e9cadas. El medio brit\u00e1nico atribuye el incremento a las pol\u00edticas de ajuste implementadas por el presidente Javier Milei desde su asunci\u00f3n en diciembre de 2023. &nbsp; El impacto de las pol\u00edticas de ajuste de Milei Desde&#8230;<\/p>\n","protected":false},"author":3,"featured_media":120787,"comment_status":"closed","ping_status":"closed","sticky":false,"template":"","format":"standard","meta":[],"categories":[9],"tags":[],"_links":{"self":[{"href":"https:\/\/www.actualidadadiario.com\/index.php\/wp-json\/wp\/v2\/posts\/120786"}],"collection":[{"href":"https:\/\/www.actualidadadiario.com\/index.php\/wp-json\/wp\/v2\/posts"}],"about":[{"href":"https:\/\/www.actualidadadiario.com\/index.php\/wp-json\/wp\/v2\/types\/post"}],"author":[{"embeddable":true,"href":"https:\/\/www.actualidadadiario.com\/index.php\/wp-json\/wp\/v2\/users\/3"}],"replies":[{"embeddable":true,"href":"https:\/\/www.actualidadadiario.com\/index.php\/wp-json\/wp\/v2\/comments?post=120786"}],"version-history":[{"count":1,"href":"https:\/\/www.actualidadadiario.com\/index.php\/wp-json\/wp\/v2\/posts\/120786\/revisions"}],"predecessor-version":[{"id":120788,"href":"https:\/\/www.actualidadadiario.com\/index.php\/wp-json\/wp\/v2\/posts\/120786\/revisions\/120788"}],"wp:featuredmedia":[{"embeddable":true,"href":"https:\/\/www.actualidadadiario.com\/index.php\/wp-json\/wp\/v2\/media\/120787"}],"wp:attachment":[{"href":"https:\/\/www.actualidadadiario.com\/index.php\/wp-json\/wp\/v2\/media?parent=120786"}],"wp:term":[{"taxonomy":"category","embeddable":true,"href":"https:\/\/www.actualidadadiario.com\/index.php\/wp-json\/wp\/v2\/categories?post=120786"},{"taxonomy":"post_tag","embeddable":true,"href":"https:\/\/www.actualidadadiario.com\/index.php\/wp-json\/wp\/v2\/tags?post=120786"}],"curies":[{"name":"wp","href":"https:\/\/api.w.org\/{rel}","templated":true}]}}