{"id":120784,"date":"2024-09-27T11:30:57","date_gmt":"2024-09-27T14:30:57","guid":{"rendered":"https:\/\/www.actualidadadiario.com\/?p=120784"},"modified":"2024-09-27T11:30:57","modified_gmt":"2024-09-27T14:30:57","slug":"el-edificio-con-humedad-la-insolita-alegoria-que-utilizo-milei-para-explicar-la-suba-de-la-pobreza","status":"publish","type":"post","link":"https:\/\/www.actualidadadiario.com\/index.php\/2024\/09\/27\/el-edificio-con-humedad-la-insolita-alegoria-que-utilizo-milei-para-explicar-la-suba-de-la-pobreza\/","title":{"rendered":"\u201cEl edificio con humedad\u201d, la ins\u00f3lita alegor\u00eda que utiliz\u00f3 Milei para explicar la suba de la pobreza"},"content":{"rendered":"<p style=\"text-align: center;\"><em><strong>El mandatario utiliz\u00f3 un relato de ficci\u00f3n para argumentar el alarmante crecimiento en los argentinos cuyos haberes no alcanzan la Canasta B\u00e1sica Alimentaria (CBA)<\/strong><\/em><\/p>\n<p>&nbsp;<\/p>\n<p>&nbsp;<\/p>\n<p>El presidente Javier Milei utiliz\u00f3 una ins\u00f3lita alegor\u00eda para explicar los datos que revel\u00f3 el Instituto Nacional de Estad\u00edstica y Censos (INDEC) en los que se puede observar un alarmante crecimiento de la pobreza en el primer trimestre de 2024, alcanzando un 52,9% de la poblaci\u00f3n.<\/p>\n<p>A trav\u00e9s de su cuenta de X, el mandatario destac\u00f3 la \u201cexcelente alegor\u00eda\u201d y comparti\u00f3 el post de un usuario que public\u00f3: \u201cEl edificio con humedad: Alegor\u00eda de la econom\u00eda argentina y el drama de la progresi\u00f3n de la pobreza\u201d.<\/p>\n<p>\u201cHab\u00eda una vez un edificio antiguo cuyos cimientos se hab\u00edan ido deteriorando a trav\u00e9s del tiempo por una creciente humedad, la cual se evitaba solucionar para evitar los costos de su reparaci\u00f3n y, por el contrario, se iba disimulando burdamente, cubri\u00e9ndola con revestimientos de Durlock, posters de mal gusto y dem\u00e1s aditamentos baratos que cada vez duraban menos -aunque ten\u00edan muy buen marketing- y que, m\u00e1s pronto que tarde, da\u00f1aban a\u00fan m\u00e1s las deterioradas instalaciones\u201d, narr\u00f3 el economista David Mermelstein.<\/p>\n<p>Seg\u00fan detalla en la ficci\u00f3n que public\u00f3 en redes, el edificio comenz\u00f3 a deteriorarse, perdiendo capacidad de espacio y \u201cdejando fuera a m\u00e1s del 40% de quienes necesitaron alojarse durante todo 2023\u201d, en una clara alusi\u00f3n a la pobreza. \u201cPara ese momento se volvi\u00f3 evidente que, de continuar con esa din\u00e1mica, el edificio no ten\u00eda m\u00e1s destino que el derrumbe inminente, es decir, volverse inhabitable por completo\u201d, destac\u00f3, en una referencia a la administraci\u00f3n kirchnerista.<\/p>\n<p>\u201cAl fin entonces, se hizo una votaci\u00f3n y se defini\u00f3 llamar a especialistas que no siguieran colocando revestimientos sobre la humedad, sino que abordasen las causas de ra\u00edz como para no llegar al desmoronamiento completo\u201d, contin\u00fao, lo que puede entenderse como el balotaje del 19 de noviembre de 2023, en el que Milei se impuso por sobre el candidato del peronismo, Sergio Massa.<\/p>\n<p>En la misma l\u00ednea, continu\u00f3: \u201cLuego de un diagn\u00f3stico profundo de las aver\u00edas que se fueron multiplicando por d\u00e9cadas, \u00e9stos se pusieron manos a la obra para quitar todos los parches y revestimientos, dejando dolorosamente expuestas las grietas en cada \u00e1rea del edificio y as\u00ed poder encarar los arreglos\u201d.<\/p>\n<p>\u201cCon motivo de estos trabajos, a\u00fan m\u00e1s espacios quedaron transitoriamente inhabitables, pasando al 52% en promedio durante la primera mitad de 2024. El drama que se hab\u00eda gestado por d\u00e9cadas, era m\u00e1s doloroso que nunca\u201d, ejemplific\u00f3 el economista en un claro paralelismo con el \u00edndice de pobreza del primer trimestre de 2024 que alcanz\u00f3 a casi 3,5 millones de argentinos.<\/p>\n<p>Asimismo, y en consonancia con la argumentaci\u00f3n libertaria, explic\u00f3: \u201cPero claro, quienes reflexionaban sobre el asunto, entend\u00edan que nunca se hubiese llegado al 52% si las cosas se hubiesen atendido antes de llegar al 40% y antes del 30%, del 20% y as\u00ed sucesivamente\u201d.<\/p>\n<p>\u201cEl aliciente para todos quienes necesitan de aquellas es saber que al fin se decidi\u00f3 virar el continuo rumbo hacia el desmoronamiento que se tra\u00eda y que, al menos, se intenta encontrar otro camino que haga posible pensar en un edificio con cimientos saneados, que no solamente no se derrumbe y vuelva a albergar a todos sus habitantes lo m\u00e1s pronto posible, sino que tambi\u00e9n sea capaz de soportar la construcci\u00f3n de nuevos pisos para los que vendr\u00e1n\u201d, concluy\u00f3.<\/p>\n","protected":false},"excerpt":{"rendered":"<p>El mandatario utiliz\u00f3 un relato de ficci\u00f3n para argumentar el alarmante crecimiento en los argentinos cuyos haberes no alcanzan la Canasta B\u00e1sica Alimentaria (CBA) &nbsp; &nbsp; El presidente Javier Milei utiliz\u00f3 una ins\u00f3lita alegor\u00eda para explicar los datos que revel\u00f3 el Instituto Nacional de Estad\u00edstica y Censos (INDEC) en los que se puede observar un alarmante crecimiento de la pobreza en el primer trimestre de 2024, alcanzando un 52,9% de la poblaci\u00f3n. A trav\u00e9s de su cuenta de X, el mandatario destac\u00f3 la \u201cexcelente alegor\u00eda\u201d y comparti\u00f3 el post de&#8230;<\/p>\n","protected":false},"author":3,"featured_media":119455,"comment_status":"closed","ping_status":"closed","sticky":false,"template":"","format":"standard","meta":[],"categories":[9],"tags":[],"_links":{"self":[{"href":"https:\/\/www.actualidadadiario.com\/index.php\/wp-json\/wp\/v2\/posts\/120784"}],"collection":[{"href":"https:\/\/www.actualidadadiario.com\/index.php\/wp-json\/wp\/v2\/posts"}],"about":[{"href":"https:\/\/www.actualidadadiario.com\/index.php\/wp-json\/wp\/v2\/types\/post"}],"author":[{"embeddable":true,"href":"https:\/\/www.actualidadadiario.com\/index.php\/wp-json\/wp\/v2\/users\/3"}],"replies":[{"embeddable":true,"href":"https:\/\/www.actualidadadiario.com\/index.php\/wp-json\/wp\/v2\/comments?post=120784"}],"version-history":[{"count":1,"href":"https:\/\/www.actualidadadiario.com\/index.php\/wp-json\/wp\/v2\/posts\/120784\/revisions"}],"predecessor-version":[{"id":120785,"href":"https:\/\/www.actualidadadiario.com\/index.php\/wp-json\/wp\/v2\/posts\/120784\/revisions\/120785"}],"wp:featuredmedia":[{"embeddable":true,"href":"https:\/\/www.actualidadadiario.com\/index.php\/wp-json\/wp\/v2\/media\/119455"}],"wp:attachment":[{"href":"https:\/\/www.actualidadadiario.com\/index.php\/wp-json\/wp\/v2\/media?parent=120784"}],"wp:term":[{"taxonomy":"category","embeddable":true,"href":"https:\/\/www.actualidadadiario.com\/index.php\/wp-json\/wp\/v2\/categories?post=120784"},{"taxonomy":"post_tag","embeddable":true,"href":"https:\/\/www.actualidadadiario.com\/index.php\/wp-json\/wp\/v2\/tags?post=120784"}],"curies":[{"name":"wp","href":"https:\/\/api.w.org\/{rel}","templated":true}]}}