{"id":12078,"date":"2017-05-24T09:27:41","date_gmt":"2017-05-24T12:27:41","guid":{"rendered":"http:\/\/actualidadadiario.com\/site\/?p=12078"},"modified":"2017-05-24T09:27:41","modified_gmt":"2017-05-24T12:27:41","slug":"mas-de-810-000-familias-viven-en-las-4-100-villas-y-asentamientos-de-todo-el-pais","status":"publish","type":"post","link":"https:\/\/www.actualidadadiario.com\/index.php\/2017\/05\/24\/mas-de-810-000-familias-viven-en-las-4-100-villas-y-asentamientos-de-todo-el-pais\/","title":{"rendered":"M\u00e1s de 810.000 familias viven en las 4.100 villas y asentamientos de todo el pa\u00eds"},"content":{"rendered":"<p><em><strong>La cifra surge del Relevamiento de Barrios Populares realizado por el Estado nacional junto a cinco organizaciones sociales entre octubre de 2016 y mayo de este a\u00f1o. Sirvi\u00f3 como base para el decreto oficializado este martes, cuyo objetivo central es entregar Certificados de Vivienda Familiar a sus habitantes<\/strong><\/em><\/p>\n<p>&nbsp;<\/p>\n<p>&nbsp;<\/p>\n<p>&nbsp;<\/p>\n<p>Con el apoyo de movimientos sociales y la Iglesia, el Gobierno nacional puso en marcha el Registro Nacional de Barrios Populares en Proceso de Integraci\u00f3n Urbana, que permitir\u00e1 dar certificados de vivienda familiar a 2 millones de habitantes de unas 4.100 villas y asentamientos de todo el pa\u00eds, adem\u00e1s de acceder a distintos servicios.<\/p>\n<p>&nbsp;<\/p>\n<p>La medida -puesta en marcha mediante el decreto 358, publicado hoy en el Bolet\u00edn Oficial con la firma del presidente Mauricio Macri y los ministros de Interior, Obras P\u00fablicas y Vivienda, Rogelio Frigerio, y de Desarrollo Social, Carolina Stanley- fue celebrada por organizaciones sociales y por C\u00e1ritas, que la consideraron positiva.<\/p>\n<p>&nbsp;<\/p>\n<p>\u201cEs una medida hist\u00f3rica, que no se hab\u00eda hecho nunca en el pa\u00eds. Por primera vez pudimos relevar 4.100 barrios y asentamientos en todo el pa\u00eds y podremos entregarles a esas familias un certificado de vivienda y de domicilio que les permitir\u00e1 acceder a distintos servicios\u201d, destac\u00f3 Stanley a la radio Cadena 3.<\/p>\n<p>&nbsp;<\/p>\n<p>En este sentido, remarc\u00f3 el trabajo y la \u201cvocaci\u00f3n de di\u00e1logo\u201d de movimientos sociales como la Corriente Clasista y Combativa (CCC), Barrios de Pie y la Confederaci\u00f3n de Trabajadores de la Econom\u00eda Popular (CTEP) con quienes \u201cse pudo acordar la emergencia social, avanzar en su reglamentaci\u00f3n y en proyectos productivos\u201d.<\/p>\n<p>&nbsp;<\/p>\n<p>Por medio del decreto publicado hoy, el Gobierno dispuso la creaci\u00f3n del mecanismo cuya funci\u00f3n principal ser\u00e1 la de \u201cregistrar los bienes inmuebles ya sean de propiedad fiscal o de particulares donde se asientan los barrios populares, las construcciones existentes en esos barrios y los datos de las personas que habitan en ellas\u201d.<\/p>\n<p>&nbsp;<\/p>\n<p>La medida beneficiar\u00e1 a 500.000 hogares que se encuentran en una situaci\u00f3n de tenencia irregular de su vivienda, lo que involucra a m\u00e1s de dos millones de personas, seg\u00fan datos del Censo Nacional de Poblaci\u00f3n de 2010, el \u00faltimo realizado en el pa\u00eds.<\/p>\n<p>&nbsp;<\/p>\n<p>El registro se pone en marcha tras el relevamiento nacional de barrios populares que realiz\u00f3 la jefatura de Gabinete junto a las organizaciones sociales y C\u00e1ritas, entre agosto de 2016 y mayo de 2017, que determin\u00f3 la existencia de 4.100 barrios populares -villas, asentamientos y urbanizaciones informales-, con d\u00e9ficit en el acceso a los servicios b\u00e1sicos y una situaci\u00f3n de dominio irregular en la tenencia del suelo.<\/p>\n<p>&nbsp;<\/p>\n<p>En un comunicado conjunto difundido hoy, las tres organizaciones sociales y la ONG Techo remarcaron que con esta decisi\u00f3n el gobierno \u201cavanza en el reconocimiento de los asentamientos del pa\u00eds\u201d.<\/p>\n<p>&nbsp;<\/p>\n<p>Destacaron que el certificado \u201ces un documento que legaliza el domicilio y reconoce el derecho a acceder la red p\u00fablica de agua, electricidad y cloacas\u201d, y adem\u00e1s les permite \u201cexigir transporte, alumbrado p\u00fablico, escuelas, hospitales, recolecci\u00f3n de residuos, centros art\u00edsticos y deportivos\u201d.<\/p>\n<p>&nbsp;<\/p>\n<p>\u201cEl certificado de vivienda familiar es el primer paso en un largo camino hacia la integraci\u00f3n plena de nuestros barrios. Pero sabemos que no basta con un documento -ni siquiera con una ley- para lograr tierra, techo y trabajo para todos. Es una tarea que implica compromiso, unidad y solidaridad\u201d, se\u00f1alaron en el comunicado.<\/p>\n<p>&nbsp;<\/p>\n<p>Por su parte, C\u00e1ritas consider\u00f3 que se trata de un &#8220;paso importante en el largo camino de procurar un techo para todos en condiciones dignas&#8221;, aunque se\u00f1al\u00f3 que a\u00fan &#8220;hay mucho por trabajar en la inclusi\u00f3n de tantos hermanos que merecen participar plenamente de sus derechos&#8221;<\/p>\n<p>&nbsp;<\/p>\n<p>&#8220;Como Iglesia y desde el servicio de C\u00e1ritas buscamos estar presentes en todos los espacios que contribuyan a mejorar la calidad de vida de nuestros hermanos excluidos&#8221;, apunt\u00f3 en un comunicado.<\/p>\n<p>&nbsp;<\/p>\n<p>&#8220;Lo hacemos logrando consensos, derribando las diferentes barreras que impiden crecer en igualdad y equidad, permitiendo as\u00ed la integraci\u00f3n social y una vida digna para todos, especialmente el poder contar con una vivienda familiar y condiciones habitacionales que garanticen los servicios que corresponden por igual a cada ciudadano y a todos los barrios&#8221; del pa\u00eds, se\u00f1al\u00f3 la comisi\u00f3n nacional de C\u00e1ritas, que encabeza el obispo Oscar Ojea.<\/p>\n<p>&nbsp;<\/p>\n<p>Por su parte, la ministra Stanley contrapuso la actitud de estas organizaciones sociales con otras que \u201cvan a usar esta \u00e9poca electoral para mostrar sus diferencias, utilizando una forma hist\u00f3rica de reclamar con piquetes en la calle\u201d que \u201cterminan resultando un m\u00e9todo extorsivo que solo profundiza la grieta en Argentina\u201d.<\/p>\n<p>&nbsp;<\/p>\n<p>En tanto, el ministro Frigerio dijo a la radio La Red que la medida \u201ces importante para poner la verdad sobre la mesa\u201d y precis\u00f3 que \u201cse trata de una primera fase, para despu\u00e9s ver la realidad de cada uno, hacer acuerdos con provincias y municipios, y seguir avanzando para resolverle los problemas a toda esa gente\u201d.<\/p>\n<p>&nbsp;<\/p>\n<p>Seg\u00fan los datos preliminares de un relevamiento, las cifras de los barrios populares se distribuyen por todo el pa\u00eds de la siguiente manera: Buenos Aires, 1.612; Ciudad de Buenos Aires, 55; Catamarca , 33; Chaco 269; Chubut, 56; C\u00f3rdoba, 172; Corrientes, 107; Entre R\u00edos, 168; Formosa, 78; Jujuy, 91; La Rioja, 14; Mendoza, 205; Misiones, 243; Neuqu\u00e9n, 84; R\u00edo Negro, 114; Salta, 145; San Juan, 29; San Luis, 23; Santa Fe, 333; Santiago del Estero, 47; Tierra del Fuego, 36 y Tucum\u00e1n, 186.<\/p>\n","protected":false},"excerpt":{"rendered":"<p>La cifra surge del Relevamiento de Barrios Populares realizado por el Estado nacional junto a cinco organizaciones sociales entre octubre de 2016 y mayo de este a\u00f1o. Sirvi\u00f3 como base para el decreto oficializado este martes, cuyo objetivo central es entregar Certificados de Vivienda Familiar a sus habitantes &nbsp; &nbsp; &nbsp; Con el apoyo de movimientos sociales y la Iglesia, el Gobierno nacional puso en marcha el Registro Nacional de Barrios Populares en Proceso de Integraci\u00f3n Urbana, que permitir\u00e1 dar certificados de vivienda familiar a 2 millones de habitantes de&#8230;<\/p>\n","protected":false},"author":3,"featured_media":12079,"comment_status":"closed","ping_status":"closed","sticky":false,"template":"","format":"standard","meta":[],"categories":[2],"tags":[],"_links":{"self":[{"href":"https:\/\/www.actualidadadiario.com\/index.php\/wp-json\/wp\/v2\/posts\/12078"}],"collection":[{"href":"https:\/\/www.actualidadadiario.com\/index.php\/wp-json\/wp\/v2\/posts"}],"about":[{"href":"https:\/\/www.actualidadadiario.com\/index.php\/wp-json\/wp\/v2\/types\/post"}],"author":[{"embeddable":true,"href":"https:\/\/www.actualidadadiario.com\/index.php\/wp-json\/wp\/v2\/users\/3"}],"replies":[{"embeddable":true,"href":"https:\/\/www.actualidadadiario.com\/index.php\/wp-json\/wp\/v2\/comments?post=12078"}],"version-history":[{"count":1,"href":"https:\/\/www.actualidadadiario.com\/index.php\/wp-json\/wp\/v2\/posts\/12078\/revisions"}],"predecessor-version":[{"id":12080,"href":"https:\/\/www.actualidadadiario.com\/index.php\/wp-json\/wp\/v2\/posts\/12078\/revisions\/12080"}],"wp:featuredmedia":[{"embeddable":true,"href":"https:\/\/www.actualidadadiario.com\/index.php\/wp-json\/wp\/v2\/media\/12079"}],"wp:attachment":[{"href":"https:\/\/www.actualidadadiario.com\/index.php\/wp-json\/wp\/v2\/media?parent=12078"}],"wp:term":[{"taxonomy":"category","embeddable":true,"href":"https:\/\/www.actualidadadiario.com\/index.php\/wp-json\/wp\/v2\/categories?post=12078"},{"taxonomy":"post_tag","embeddable":true,"href":"https:\/\/www.actualidadadiario.com\/index.php\/wp-json\/wp\/v2\/tags?post=12078"}],"curies":[{"name":"wp","href":"https:\/\/api.w.org\/{rel}","templated":true}]}}