{"id":120776,"date":"2024-09-27T11:03:19","date_gmt":"2024-09-27T14:03:19","guid":{"rendered":"https:\/\/www.actualidadadiario.com\/?p=120776"},"modified":"2024-09-27T11:03:35","modified_gmt":"2024-09-27T14:03:35","slug":"buena-noticia-en-cordoba-controlaron-el-incendio-en-valle-de-punilla-pero-se-mantiene-el-alerta-de-riesgo-extremo","status":"publish","type":"post","link":"https:\/\/www.actualidadadiario.com\/index.php\/2024\/09\/27\/buena-noticia-en-cordoba-controlaron-el-incendio-en-valle-de-punilla-pero-se-mantiene-el-alerta-de-riesgo-extremo\/","title":{"rendered":"Buena noticia en C\u00f3rdoba: controlaron el incendio en Valle de Punilla, pero se mantiene el alerta de riesgo extremo"},"content":{"rendered":"<p style=\"text-align: center;\"><em><strong>Alrededor de 400 bomberos continuaron trabajando durante la noche para enfriar el per\u00edmetro y evitar reinicios de fuego por el viento<\/strong><\/em><\/p>\n<p>&nbsp;<\/p>\n<p>&nbsp;<\/p>\n<p>La provincia de C\u00f3rdoba dio a conocer una buena noticia despu\u00e9s de que se haya confirmado\u00a0 que los incendios en Valle de Punilla y otros sectores fueron controlados, pese a que se mantiene el riesgo extremo.<\/p>\n<p>De acuerdo al \u00faltimo parte, el incendio en el Valle de Punilla no registra actividad y para enfriar el per\u00edmetro y evitar reinicios de fuego por el viento, alrededor de 400 bomberos trabajaron durante la noche en la zona.<\/p>\n<p>Adem\u00e1s, anunciaron que en la ma\u00f1ana del viernes, \u201caviones hidrantes operar\u00e1n en la zona para completar la tarea\u201d.<\/p>\n<p>\u201cEl incendio de Villa Berna sigue en guardia de cenizas, con per\u00edmetros inestables. En San Marcos Sierras y en Sierras Chicas no se registra actividad de fuego pero hay mucha inestabilidad en los per\u00edmetros\u201d, detallaron.<\/p>\n<p>En Salsacate todav\u00eda hay actividad, pero el fuego est\u00e1 sectorizado en algunos lugares: \u201cLos aviones hidrantes pudieron trabajar a pesar del viento y los bomberos, el personal del ETAC y las brigadas que vinieron del Sur y del Noroeste del Plan Federal de Manejo del Fuego ayudaron a sectorizar la actividad\u201d.<\/p>\n<p>Aunque se tratan de buenas noticias tras el panorama desalentador de los \u00faltimos d\u00edas, desde el Gobierno de C\u00f3rdoba resaltan que \u201cse mantiene el alerta por condiciones de riesgo extremo de incendio debido a las condiciones clim\u00e1ticas con altas temperaturas, que el domingo y el lunes podr\u00edan llegar a m\u00e1s de 30 grados\u201d.<\/p>\n<p>&nbsp;<\/p>\n<p><strong>Desde que comenzaron los incendios en C\u00f3rdoba hubo 11 detenidos: tres fueron condenados<\/strong><\/p>\n<p>Once detenidos hubo desde que comenzaron los incendios en C\u00f3rdoba seg\u00fan confirm\u00f3 el ministro de Seguridad de la provincia, Juan Pablo Quinteros, y del total tres ya fueron imputados, mientras que ahora solo hay cuatro personas en prisi\u00f3n.<\/p>\n<p>El funcionario remarc\u00f3 que hubo 11 detenidos, de los cuales tres fueron condenados previamente, cuatro liberados y otros cuatro se encuentran detenidos.<\/p>\n","protected":false},"excerpt":{"rendered":"<p>Alrededor de 400 bomberos continuaron trabajando durante la noche para enfriar el per\u00edmetro y evitar reinicios de fuego por el viento &nbsp; &nbsp; La provincia de C\u00f3rdoba dio a conocer una buena noticia despu\u00e9s de que se haya confirmado\u00a0 que los incendios en Valle de Punilla y otros sectores fueron controlados, pese a que se mantiene el riesgo extremo. De acuerdo al \u00faltimo parte, el incendio en el Valle de Punilla no registra actividad y para enfriar el per\u00edmetro y evitar reinicios de fuego por el viento, alrededor de 400&#8230;<\/p>\n","protected":false},"author":3,"featured_media":120777,"comment_status":"closed","ping_status":"closed","sticky":false,"template":"","format":"standard","meta":[],"categories":[2],"tags":[],"_links":{"self":[{"href":"https:\/\/www.actualidadadiario.com\/index.php\/wp-json\/wp\/v2\/posts\/120776"}],"collection":[{"href":"https:\/\/www.actualidadadiario.com\/index.php\/wp-json\/wp\/v2\/posts"}],"about":[{"href":"https:\/\/www.actualidadadiario.com\/index.php\/wp-json\/wp\/v2\/types\/post"}],"author":[{"embeddable":true,"href":"https:\/\/www.actualidadadiario.com\/index.php\/wp-json\/wp\/v2\/users\/3"}],"replies":[{"embeddable":true,"href":"https:\/\/www.actualidadadiario.com\/index.php\/wp-json\/wp\/v2\/comments?post=120776"}],"version-history":[{"count":2,"href":"https:\/\/www.actualidadadiario.com\/index.php\/wp-json\/wp\/v2\/posts\/120776\/revisions"}],"predecessor-version":[{"id":120779,"href":"https:\/\/www.actualidadadiario.com\/index.php\/wp-json\/wp\/v2\/posts\/120776\/revisions\/120779"}],"wp:featuredmedia":[{"embeddable":true,"href":"https:\/\/www.actualidadadiario.com\/index.php\/wp-json\/wp\/v2\/media\/120777"}],"wp:attachment":[{"href":"https:\/\/www.actualidadadiario.com\/index.php\/wp-json\/wp\/v2\/media?parent=120776"}],"wp:term":[{"taxonomy":"category","embeddable":true,"href":"https:\/\/www.actualidadadiario.com\/index.php\/wp-json\/wp\/v2\/categories?post=120776"},{"taxonomy":"post_tag","embeddable":true,"href":"https:\/\/www.actualidadadiario.com\/index.php\/wp-json\/wp\/v2\/tags?post=120776"}],"curies":[{"name":"wp","href":"https:\/\/api.w.org\/{rel}","templated":true}]}}