{"id":120769,"date":"2024-09-27T10:59:24","date_gmt":"2024-09-27T13:59:24","guid":{"rendered":"https:\/\/www.actualidadadiario.com\/?p=120769"},"modified":"2024-09-27T10:59:24","modified_gmt":"2024-09-27T13:59:24","slug":"la-pobreza-infantil-escalo-a-661-el-27-de-los-menores-de-14-es-indigente","status":"publish","type":"post","link":"https:\/\/www.actualidadadiario.com\/index.php\/2024\/09\/27\/la-pobreza-infantil-escalo-a-661-el-27-de-los-menores-de-14-es-indigente\/","title":{"rendered":"La pobreza infantil escal\u00f3 a 66,1%: el 27% de los menores de 14 es indigente"},"content":{"rendered":"<p style=\"text-align: center;\"><em><strong>El segmento de ni\u00f1os de 0 a 14 a\u00f1os fue el m\u00e1s afectado por el aumento de la pobreza a 52,9% durante el primer semestre de 2024. Adem\u00e1s, la indigencia trep\u00f3 a 18,1%<\/strong><\/em><\/p>\n<p>&nbsp;<\/p>\n<p>&nbsp;<\/p>\n<p>Durante los primeros seis meses del gobierno de Javier Milei, la pobreza trep\u00f3 al 52,9% y alcanz\u00f3 a casi 25 millones de personas. A la vez, la indigencia escal\u00f3 a 18,1% y afect\u00f3 a 8,5 millones de argentinos. Los datos se agravan al observar la incidencia del flagelo en los m\u00e1s chicos: dos de cada tres nenes de entre 0 y 14 a\u00f1os son pobres.<\/p>\n<p>As\u00ed se desprende de la Encuesta Permanente de Hogares (EPH) que difundi\u00f3 el Instituto Nacional de Estad\u00edstica y Censos (INDEC). El desagregado estad\u00edstico exhibe que el segmento m\u00e1s golpeado por la falta de condiciones es el de los nenes de hasta 14.<\/p>\n<p>&nbsp;<\/p>\n<p><strong>La pobreza e indigencia afectaron m\u00e1s a los m\u00e1s chicos<\/strong><\/p>\n<p>Un an\u00e1lisis fino de la informaci\u00f3n difundida por el INDEC arroja que el 39,1% del grupo etario 0-14 es pobre mientras que el 27% restante se ubica por debajo de la l\u00ednea de la indigencia. Esto implica que los menores no llegan a cubrir las necesidades de la Canasta B\u00e1sica Alimentaria (CBA).<\/p>\n<p>Al mismo tiempo, el 40,5% de los ni\u00f1os de 0 a 5 a\u00f1os es pobre y el 23,3% restante es indigente. De 6 a 11, el 27,7% se ubica por debajo de la l\u00ednea de indigencia y el 39,3% ingresa en el universo de la pobreza. Para los adolescentes de 12 a 17, los n\u00fameros son alarmantes: el 29,4% es indigente y el 39,9% es pobre.<\/p>\n<p>Por otra parte, el porcentaje total de personas pobres para los grupos de 15 a 29 a\u00f1os y de 30 a 64 a\u00f1os es de 60,7% y 48,6%, respectivamente. En la poblaci\u00f3n de 65 a\u00f1os en adelante, el 29,7% de los ciudadanos qued\u00f3 por debajo del umbral de la pobreza.<\/p>\n<p>En cuanto a la distribuci\u00f3n geogr\u00e1fica de la inquietante situaci\u00f3n social que atraviesan m\u00e1s de la mitad de la ciudadan\u00eda, las mayores incidencias se observaron en las regiones Noreste (NEA), 62,9%; y Noroeste (NOA), 57,0%. Las menores, al contrario, se dieron en la Patagonia, 49,1%; y la zona Pampeana, 49,9%.<\/p>\n<p>Con respecto al segundo semestre de 2023, la cantidad de pobres subi\u00f3 tanto en los hogares como en las personas, de 10,7 y 11,2 puntos porcentuales (p.p.). En el caso de la indigencia, creci\u00f3 4,9 p.p. en los hogares y 6,2 p.p. en las personas. A nivel regional, se observ\u00f3 un alza de ambas mishiaduras en todas las regiones.<\/p>\n<p>En simult\u00e1neo, el INDEC inform\u00f3 que la brecha de la pobreza de los hogares se ubic\u00f3 en 42,6%: el ingreso familiar promedio de los hogares pobres fue de $407.171, mientras que la Canasta B\u00e1sica Total (CBT) promedio ascendi\u00f3 a $709.318. As\u00ed, la distancia entre ambos se aceler\u00f3 en comparaci\u00f3n con el a\u00f1o pasado.<\/p>\n<p>&nbsp;<\/p>\n<p><strong>Por qu\u00e9 aumentaron la pobreza y la indigencia en el primer semestre<\/strong><\/p>\n<p>Un informe del Centro de Econom\u00eda Pol\u00edtica Argentina (CEPA) diseccion\u00f3 las causas que impulsaron el crecimiento de la pobreza y la indigencia en el primer semestre de 2024 en relaci\u00f3n con los \u00faltimos seis meses del gobierno de Alberto Fern\u00e1ndez.<\/p>\n<p>En primer lugar, destacaron que el promedio de inflaci\u00f3n mensual de alimentos del per\u00edodo estudiado (9,4%) super\u00f3 al de la primera parte del a\u00f1o pasado (7,7%). Adem\u00e1s, el pico inflacionario de diciembre de 2023, provocado por el salto del tipo de cambio de 118%, afect\u00f3 directamente el precio de los productos alimenticios, principal insumo de los sectores m\u00e1s bajos.<\/p>\n<p>En segundo t\u00e9rmino, el salario real de los trabajadores no registrados se redujo 29,5% respecto del a\u00f1o anterior y 24,8% respecto al semestre inmediato anterior. Algo similar ocurri\u00f3 con el Salario M\u00ednimo, Vital y M\u00f3vil (SMVyM): se observ\u00f3 un valor 28,5% menor que el primer semestre de 2023 y una retracci\u00f3n de 28,1% en relaci\u00f3n a los \u00faltimos seis meses del Frente de Todos.<\/p>\n<p>En materia de empleo, en los primeros dos trimestres de la administraci\u00f3n libertaria empeoraron los indicadores al saltar a 7,6%, superior al 6,6% anterior. &#8220;Paralelamente disminuy\u00f3 la tasa de empleo que pas\u00f3 de 44,8% en el primer semestre de 2023 a 44,6% en el mismo per\u00edodo de 2023&#8221;, remarcaron.<\/p>\n<p>Si bien la Asignaci\u00f3n Universal por Hijo (AUH) registr\u00f3 una suba real de 22,5%, no ocurri\u00f3 lo mismo con la Tarjeta Alimentar y el resto de los planes sociales, que experimentaron retrocesos de 3,8% en la comparaci\u00f3n con igual semestre de 2023.<\/p>\n<p>&#8220;El escenario muestra una fenomenal reducci\u00f3n de su poder adquisitivo de 48,6% respecto al primer semestre de 2023 (como resultado del congelamiento del programa en $78.000). Con respecto al semestre anterior, el derrumbe alcanza 50,3%&#8221;, plantearon los autores.<\/p>\n<p>Por \u00faltimo, la jubilaci\u00f3n m\u00ednima acus\u00f3 una sensible desmejora de 19,7% respecto de la evoluci\u00f3n que mostr\u00f3 en los primeros seis meses del a\u00f1o pasado. Si se mide contra el segundo semestre de 2023, la disminuci\u00f3n del haber m\u00ednimo orilla el 17,2%.<\/p>\n","protected":false},"excerpt":{"rendered":"<p>El segmento de ni\u00f1os de 0 a 14 a\u00f1os fue el m\u00e1s afectado por el aumento de la pobreza a 52,9% durante el primer semestre de 2024. Adem\u00e1s, la indigencia trep\u00f3 a 18,1% &nbsp; &nbsp; Durante los primeros seis meses del gobierno de Javier Milei, la pobreza trep\u00f3 al 52,9% y alcanz\u00f3 a casi 25 millones de personas. A la vez, la indigencia escal\u00f3 a 18,1% y afect\u00f3 a 8,5 millones de argentinos. Los datos se agravan al observar la incidencia del flagelo en los m\u00e1s chicos: dos de cada&#8230;<\/p>\n","protected":false},"author":3,"featured_media":118543,"comment_status":"closed","ping_status":"closed","sticky":false,"template":"","format":"standard","meta":[],"categories":[9],"tags":[],"_links":{"self":[{"href":"https:\/\/www.actualidadadiario.com\/index.php\/wp-json\/wp\/v2\/posts\/120769"}],"collection":[{"href":"https:\/\/www.actualidadadiario.com\/index.php\/wp-json\/wp\/v2\/posts"}],"about":[{"href":"https:\/\/www.actualidadadiario.com\/index.php\/wp-json\/wp\/v2\/types\/post"}],"author":[{"embeddable":true,"href":"https:\/\/www.actualidadadiario.com\/index.php\/wp-json\/wp\/v2\/users\/3"}],"replies":[{"embeddable":true,"href":"https:\/\/www.actualidadadiario.com\/index.php\/wp-json\/wp\/v2\/comments?post=120769"}],"version-history":[{"count":1,"href":"https:\/\/www.actualidadadiario.com\/index.php\/wp-json\/wp\/v2\/posts\/120769\/revisions"}],"predecessor-version":[{"id":120770,"href":"https:\/\/www.actualidadadiario.com\/index.php\/wp-json\/wp\/v2\/posts\/120769\/revisions\/120770"}],"wp:featuredmedia":[{"embeddable":true,"href":"https:\/\/www.actualidadadiario.com\/index.php\/wp-json\/wp\/v2\/media\/118543"}],"wp:attachment":[{"href":"https:\/\/www.actualidadadiario.com\/index.php\/wp-json\/wp\/v2\/media?parent=120769"}],"wp:term":[{"taxonomy":"category","embeddable":true,"href":"https:\/\/www.actualidadadiario.com\/index.php\/wp-json\/wp\/v2\/categories?post=120769"},{"taxonomy":"post_tag","embeddable":true,"href":"https:\/\/www.actualidadadiario.com\/index.php\/wp-json\/wp\/v2\/tags?post=120769"}],"curies":[{"name":"wp","href":"https:\/\/api.w.org\/{rel}","templated":true}]}}