{"id":120767,"date":"2024-09-27T10:58:36","date_gmt":"2024-09-27T13:58:36","guid":{"rendered":"https:\/\/www.actualidadadiario.com\/?p=120767"},"modified":"2024-09-27T10:58:36","modified_gmt":"2024-09-27T13:58:36","slug":"la-pobreza-subio-a-casi-el-53-en-el-primer-trimestre-del-ano-y-alcanzo-a-249-millones-de-personas-en-todo-el-pais","status":"publish","type":"post","link":"https:\/\/www.actualidadadiario.com\/index.php\/2024\/09\/27\/la-pobreza-subio-a-casi-el-53-en-el-primer-trimestre-del-ano-y-alcanzo-a-249-millones-de-personas-en-todo-el-pais\/","title":{"rendered":"La pobreza subi\u00f3 a casi el 53% en el primer trimestre del a\u00f1o y alcanz\u00f3 a 24,9 millones de personas en todo el pa\u00eds"},"content":{"rendered":"<p style=\"text-align: center;\"><em><strong>Las estad\u00edsticas oficiales del primer semestre indicaron que la pobreza alcanz\u00f3 al 52,9% de la poblaci\u00f3n. La suba implica un incremento de 11,2 puntos porcentuales respecto al cierre del a\u00f1o pasado, que hab\u00eda sido de 41,7% en el momento del cambio de Gobierno<\/strong><\/em><\/p>\n<p>&nbsp;<\/p>\n<p>&nbsp;<\/p>\n<p>La pobreza subi\u00f3 a 52,9% en el primer trimestre del a\u00f1o y alcanz\u00f3 a 24,9 millones de personas en todo el pa\u00eds. La suba implica un incremento de 11,2 puntos porcentuales respecto al cierre del a\u00f1o pasado, que hab\u00eda sido de 41,7% en el momento del cambio de Gobierno.<\/p>\n<p>Los n\u00fameros oficiales difundidos por el organismo estad\u00edstico dan cuenta tambi\u00e9n de un empeoramiento en la tasa de indigencia. As\u00ed, el 18,1% de la poblaci\u00f3n de todo el pa\u00eds no pudo tener cubiertas las necesidades alimentarias b\u00e1sicas, lo que representar\u00eda 8,5 millones de personas. Tambi\u00e9n implicar\u00eda una suba marcada respecto a los \u00faltimos \u00edndices: seis meses antes este n\u00famero era de 12% y de 9,3% un a\u00f1o atr\u00e1s.<\/p>\n<p>Se trataron de los segundos peores indicadores desde que el INDEC reinici\u00f3 la serie en 2016, solo superados por los del segundo semestre de 2020, marcados a fuego por los efectos de la pandemia de Covid-19.<\/p>\n<p>En cuanto a los grupos de edad seg\u00fan condici\u00f3n de pobreza, se destac\u00f3 que m\u00e1s de la mitad de las personas de 0 a 14 a\u00f1os fueron pobres, mientras que para los grupos de 15 a 29 a\u00f1os y de 30 a 64 a\u00f1os es de 60,7% y 48,6%, respectivamente. Al contrario, en la poblaci\u00f3n de 65 a\u00f1os y m\u00e1s, el 29,7% de las personas se ubic\u00f3 bajo la l\u00ednea de pobreza.<\/p>\n<p>En cuanto a la distribuci\u00f3n geogr\u00e1fica, las mayores incidencias de la pobreza en personas se observaron en las regiones Noreste (NEA), 62,9%; y Noroeste (NOA), 57,0%. Las menores, por su parte, se registraron en las regiones Patagonia, 49,1%; y Pampeana, 49,9%. En cualquier caso, el aumento de la pobreza y la indigencia se dio en todas las regiones.<\/p>\n<p>Vale aclarar que en nuestro pa\u00eds existen 2 modos de medir la pobreza: un enfoque monetario, que se informa cada 6 meses, y otro multidimensional, que se elabora durante los censos de poblaci\u00f3n.<\/p>\n<p>El dato que public\u00f3 esta tarde el INDEC se realiza bajo el enfoque monetario, sobre la base de la Encuesta Permanente de Hogares (EPH) que elabora el INDEC.<\/p>\n<p>Por un lado, se determina si los ingresos de una familia son suficientes para costear una canasta b\u00e1sica de alimentos (CBA), que contiene ciertos nutrientes que tienen por objetivo cubrir un umbral m\u00ednimo de necesidades energ\u00e9ticas. A esto se denomina \u201cl\u00ednea de indigencia\u201d.<\/p>\n","protected":false},"excerpt":{"rendered":"<p>Las estad\u00edsticas oficiales del primer semestre indicaron que la pobreza alcanz\u00f3 al 52,9% de la poblaci\u00f3n. La suba implica un incremento de 11,2 puntos porcentuales respecto al cierre del a\u00f1o pasado, que hab\u00eda sido de 41,7% en el momento del cambio de Gobierno &nbsp; &nbsp; La pobreza subi\u00f3 a 52,9% en el primer trimestre del a\u00f1o y alcanz\u00f3 a 24,9 millones de personas en todo el pa\u00eds. La suba implica un incremento de 11,2 puntos porcentuales respecto al cierre del a\u00f1o pasado, que hab\u00eda sido de 41,7% en el momento&#8230;<\/p>\n","protected":false},"author":3,"featured_media":101287,"comment_status":"closed","ping_status":"closed","sticky":false,"template":"","format":"standard","meta":[],"categories":[9],"tags":[],"_links":{"self":[{"href":"https:\/\/www.actualidadadiario.com\/index.php\/wp-json\/wp\/v2\/posts\/120767"}],"collection":[{"href":"https:\/\/www.actualidadadiario.com\/index.php\/wp-json\/wp\/v2\/posts"}],"about":[{"href":"https:\/\/www.actualidadadiario.com\/index.php\/wp-json\/wp\/v2\/types\/post"}],"author":[{"embeddable":true,"href":"https:\/\/www.actualidadadiario.com\/index.php\/wp-json\/wp\/v2\/users\/3"}],"replies":[{"embeddable":true,"href":"https:\/\/www.actualidadadiario.com\/index.php\/wp-json\/wp\/v2\/comments?post=120767"}],"version-history":[{"count":1,"href":"https:\/\/www.actualidadadiario.com\/index.php\/wp-json\/wp\/v2\/posts\/120767\/revisions"}],"predecessor-version":[{"id":120768,"href":"https:\/\/www.actualidadadiario.com\/index.php\/wp-json\/wp\/v2\/posts\/120767\/revisions\/120768"}],"wp:featuredmedia":[{"embeddable":true,"href":"https:\/\/www.actualidadadiario.com\/index.php\/wp-json\/wp\/v2\/media\/101287"}],"wp:attachment":[{"href":"https:\/\/www.actualidadadiario.com\/index.php\/wp-json\/wp\/v2\/media?parent=120767"}],"wp:term":[{"taxonomy":"category","embeddable":true,"href":"https:\/\/www.actualidadadiario.com\/index.php\/wp-json\/wp\/v2\/categories?post=120767"},{"taxonomy":"post_tag","embeddable":true,"href":"https:\/\/www.actualidadadiario.com\/index.php\/wp-json\/wp\/v2\/tags?post=120767"}],"curies":[{"name":"wp","href":"https:\/\/api.w.org\/{rel}","templated":true}]}}