{"id":120760,"date":"2024-09-27T10:14:14","date_gmt":"2024-09-27T13:14:14","guid":{"rendered":"https:\/\/www.actualidadadiario.com\/?p=120760"},"modified":"2024-09-27T10:14:26","modified_gmt":"2024-09-27T13:14:26","slug":"ajuste-de-osdop-en-entre-rios-desvinculo-a-20-trabajadores-y-cerro-delegaciones","status":"publish","type":"post","link":"https:\/\/www.actualidadadiario.com\/index.php\/2024\/09\/27\/ajuste-de-osdop-en-entre-rios-desvinculo-a-20-trabajadores-y-cerro-delegaciones\/","title":{"rendered":"Ajuste de Osdop en Entre R\u00edos: desvincul\u00f3 a 20 trabajadores y cerr\u00f3 delegaciones"},"content":{"rendered":"<p>La Obra Social de Docentes Particulares (Osdop) inici\u00f3 un proceso de reconversi\u00f3n y ajuste en Entre R\u00edos que deriv\u00f3 en la desvinculaci\u00f3n de 20 trabajadores y el cierre de delegaciones<\/p>\n<p>&nbsp;<\/p>\n<p><strong>\u201cSobrellevar la crisis econ\u00f3mica\u201d<\/strong><\/p>\n<p>\u201cLamentablemente, la obra social est\u00e1 tratando de sobrellevar la crisis econ\u00f3mica sin suspender las prestaciones m\u00e9dicas a los afiliados\u201d, dijo la secretaria general del Sindicato Argentino de Docentes Particulares (Sadop), Alejandra Frank.<\/p>\n<p>La oficina de Chajar\u00ed de Osdop cerr\u00f3 sus puertas y dej\u00f3 a tres trabajadores desvinculados: un trabajador con 13 a\u00f1os de antig\u00fcedad; otro, con 10 a\u00f1os; y un tercero, con 7 a\u00f1os.<\/p>\n<p>&nbsp;<\/p>\n<p><strong>\u201cRegionalizaci\u00f3n\u201d y cierre<\/strong><\/p>\n<p>De acuerdo a lo expresado \u201cla regionalizaci\u00f3n\u201d de la obra social ya se ven\u00eda anunciando desde hace alg\u00fan tiempo y a partir de ahora los afiliados deber\u00e1n autogestionarse los distintos tr\u00e1mites teniendo como informaci\u00f3n un WhatsApp y un mail para realizarlo.<\/p>\n<p>En la provincia de Entre R\u00edos se han cerrado otras delegaciones, aunque hasta el momento no se ha podido confirmar cuantas son y en que departamentos. Y en ese plan en la Provincia quedaron 20 trabajadores sin su fuente laboral.<\/p>\n","protected":false},"excerpt":{"rendered":"<p>La Obra Social de Docentes Particulares (Osdop) inici\u00f3 un proceso de reconversi\u00f3n y ajuste en Entre R\u00edos que deriv\u00f3 en la desvinculaci\u00f3n de 20 trabajadores y el cierre de delegaciones &nbsp; \u201cSobrellevar la crisis econ\u00f3mica\u201d \u201cLamentablemente, la obra social est\u00e1 tratando de sobrellevar la crisis econ\u00f3mica sin suspender las prestaciones m\u00e9dicas a los afiliados\u201d, dijo la secretaria general del Sindicato Argentino de Docentes Particulares (Sadop), Alejandra Frank. La oficina de Chajar\u00ed de Osdop cerr\u00f3 sus puertas y dej\u00f3 a tres trabajadores desvinculados: un trabajador con 13 a\u00f1os de antig\u00fcedad; otro,&#8230;<\/p>\n","protected":false},"author":3,"featured_media":120761,"comment_status":"closed","ping_status":"closed","sticky":false,"template":"","format":"standard","meta":[],"categories":[15],"tags":[],"_links":{"self":[{"href":"https:\/\/www.actualidadadiario.com\/index.php\/wp-json\/wp\/v2\/posts\/120760"}],"collection":[{"href":"https:\/\/www.actualidadadiario.com\/index.php\/wp-json\/wp\/v2\/posts"}],"about":[{"href":"https:\/\/www.actualidadadiario.com\/index.php\/wp-json\/wp\/v2\/types\/post"}],"author":[{"embeddable":true,"href":"https:\/\/www.actualidadadiario.com\/index.php\/wp-json\/wp\/v2\/users\/3"}],"replies":[{"embeddable":true,"href":"https:\/\/www.actualidadadiario.com\/index.php\/wp-json\/wp\/v2\/comments?post=120760"}],"version-history":[{"count":2,"href":"https:\/\/www.actualidadadiario.com\/index.php\/wp-json\/wp\/v2\/posts\/120760\/revisions"}],"predecessor-version":[{"id":120763,"href":"https:\/\/www.actualidadadiario.com\/index.php\/wp-json\/wp\/v2\/posts\/120760\/revisions\/120763"}],"wp:featuredmedia":[{"embeddable":true,"href":"https:\/\/www.actualidadadiario.com\/index.php\/wp-json\/wp\/v2\/media\/120761"}],"wp:attachment":[{"href":"https:\/\/www.actualidadadiario.com\/index.php\/wp-json\/wp\/v2\/media?parent=120760"}],"wp:term":[{"taxonomy":"category","embeddable":true,"href":"https:\/\/www.actualidadadiario.com\/index.php\/wp-json\/wp\/v2\/categories?post=120760"},{"taxonomy":"post_tag","embeddable":true,"href":"https:\/\/www.actualidadadiario.com\/index.php\/wp-json\/wp\/v2\/tags?post=120760"}],"curies":[{"name":"wp","href":"https:\/\/api.w.org\/{rel}","templated":true}]}}