{"id":120751,"date":"2024-09-27T10:10:05","date_gmt":"2024-09-27T13:10:05","guid":{"rendered":"https:\/\/www.actualidadadiario.com\/?p=120751"},"modified":"2024-09-27T10:10:05","modified_gmt":"2024-09-27T13:10:05","slug":"el-pozo-termal-de-santa-ana-tiene-un-caudal-de-300-000-litros-por-hora-y-la-temperatura-del-agua-asciende-a-40","status":"publish","type":"post","link":"https:\/\/www.actualidadadiario.com\/index.php\/2024\/09\/27\/el-pozo-termal-de-santa-ana-tiene-un-caudal-de-300-000-litros-por-hora-y-la-temperatura-del-agua-asciende-a-40\/","title":{"rendered":"El pozo termal de Santa Ana tiene un caudal de 300.000 litros por hora y la temperatura del agua asciende a 40\u00b0"},"content":{"rendered":"<p style=\"text-align: center;\"><em><strong>El Intendente de Santa Ana, Rogelio Zanandrea, recibi\u00f3 al presidente del Ente Regulador del Recurso Termal de Entre R\u00edos (ERRTER), Aldo Monta\u00f1ana; al vicepresidente, Diego Chareun, y al vocal del organismo, Mario Toler, con quienes visitaron el pozo de agua termal de la vecina localidad<\/strong><\/em><\/p>\n<p>&nbsp;<\/p>\n<p>&nbsp;<\/p>\n<p>&nbsp;<\/p>\n<p>All\u00ed, los funcionarios asistieron a las tareas t\u00e9cnicas que se realizaron desde el Ente Regulador, a cargo del ge\u00f3logo Dr. Daniel M\u00e1rsico, y se llevaron a cabo una serie de procedimientos con instrumental propio (caudal\u00edmetro totalizador no invasivo) para medir el caudal del fluido termal (300.000 litros hora).<\/p>\n<p>Adem\u00e1s, se realiz\u00f3 una estimaci\u00f3n de la temperatura (40\u00b0 C), como as\u00ed tambi\u00e9n la toma de muestras para la realizaci\u00f3n de an\u00e1lisis que determinar\u00e1n la composici\u00f3n f\u00edsico-qu\u00edmica de los recursos termales surgentes.<\/p>\n<p>Juntos hicieron una recorrida por el predio del futuro complejo termal donde los especialistas brindaron recomendaciones respecto a t\u00e9cnicas que eviten el desperdicio y la degradaci\u00f3n del agua, el subsuelo y el ambiente en general.<\/p>\n","protected":false},"excerpt":{"rendered":"<p>El Intendente de Santa Ana, Rogelio Zanandrea, recibi\u00f3 al presidente del Ente Regulador del Recurso Termal de Entre R\u00edos (ERRTER), Aldo Monta\u00f1ana; al vicepresidente, Diego Chareun, y al vocal del organismo, Mario Toler, con quienes visitaron el pozo de agua termal de la vecina localidad &nbsp; &nbsp; &nbsp; All\u00ed, los funcionarios asistieron a las tareas t\u00e9cnicas que se realizaron desde el Ente Regulador, a cargo del ge\u00f3logo Dr. Daniel M\u00e1rsico, y se llevaron a cabo una serie de procedimientos con instrumental propio (caudal\u00edmetro totalizador no invasivo) para medir el caudal&#8230;<\/p>\n","protected":false},"author":3,"featured_media":120752,"comment_status":"closed","ping_status":"closed","sticky":false,"template":"","format":"standard","meta":[],"categories":[15],"tags":[],"_links":{"self":[{"href":"https:\/\/www.actualidadadiario.com\/index.php\/wp-json\/wp\/v2\/posts\/120751"}],"collection":[{"href":"https:\/\/www.actualidadadiario.com\/index.php\/wp-json\/wp\/v2\/posts"}],"about":[{"href":"https:\/\/www.actualidadadiario.com\/index.php\/wp-json\/wp\/v2\/types\/post"}],"author":[{"embeddable":true,"href":"https:\/\/www.actualidadadiario.com\/index.php\/wp-json\/wp\/v2\/users\/3"}],"replies":[{"embeddable":true,"href":"https:\/\/www.actualidadadiario.com\/index.php\/wp-json\/wp\/v2\/comments?post=120751"}],"version-history":[{"count":1,"href":"https:\/\/www.actualidadadiario.com\/index.php\/wp-json\/wp\/v2\/posts\/120751\/revisions"}],"predecessor-version":[{"id":120753,"href":"https:\/\/www.actualidadadiario.com\/index.php\/wp-json\/wp\/v2\/posts\/120751\/revisions\/120753"}],"wp:featuredmedia":[{"embeddable":true,"href":"https:\/\/www.actualidadadiario.com\/index.php\/wp-json\/wp\/v2\/media\/120752"}],"wp:attachment":[{"href":"https:\/\/www.actualidadadiario.com\/index.php\/wp-json\/wp\/v2\/media?parent=120751"}],"wp:term":[{"taxonomy":"category","embeddable":true,"href":"https:\/\/www.actualidadadiario.com\/index.php\/wp-json\/wp\/v2\/categories?post=120751"},{"taxonomy":"post_tag","embeddable":true,"href":"https:\/\/www.actualidadadiario.com\/index.php\/wp-json\/wp\/v2\/tags?post=120751"}],"curies":[{"name":"wp","href":"https:\/\/api.w.org\/{rel}","templated":true}]}}