{"id":120745,"date":"2024-09-26T15:19:30","date_gmt":"2024-09-26T18:19:30","guid":{"rendered":"https:\/\/www.actualidadadiario.com\/?p=120745"},"modified":"2024-09-26T15:19:30","modified_gmt":"2024-09-26T18:19:30","slug":"el-gobierno-responsabilizo-al-kirchnerismo-por-la-pobreza-es-la-peor-herencia-de-la-historia","status":"publish","type":"post","link":"https:\/\/www.actualidadadiario.com\/index.php\/2024\/09\/26\/el-gobierno-responsabilizo-al-kirchnerismo-por-la-pobreza-es-la-peor-herencia-de-la-historia\/","title":{"rendered":"El Gobierno responsabiliz\u00f3 al kirchnerismo por la pobreza: &#8220;Es la peor herencia de la historia&#8221;"},"content":{"rendered":"<p style=\"text-align: center;\"><em><strong>Se anticip\u00f3 al dato de pobreza que dar\u00e1 a conocer el Indec. \u201cEl Gobierno no niega la realidad, sino que la enfrenta y la trabaja\u201d, afirm\u00f3 Adorni<\/strong><\/em><\/p>\n<p>&nbsp;<\/p>\n<p>&nbsp;<\/p>\n<p>El Gobierno se anticip\u00f3 al dato de pobreza que revelar\u00e1 este tarde el Instituto Nacional de Estad\u00edstica y Censos (Indec) y responsabiliz\u00f3 al kirchnerismo por su pol\u00edtica econ\u00f3mica. &#8220;Es la peor herencia de la historia&#8221;, defini\u00f3 el vocero presidencial, Manuel Adorni.<\/p>\n<p>En la habitual conferencia de prensa, y a horas de que el instituto publique un nuevo incremento en la cifra de argentinos cuyos haberes no alcanzan la Canasta B\u00e1sica Argentina (CBA), el vocero asegur\u00f3 que el dato reflejar\u00e1 &#8220;la cruda realidad que est\u00e1 atravesando la sociedad argentina&#8221;.<\/p>\n<p>&#8220;Es consecuencia del populismo que ha sometido al pa\u00eds a tantos a\u00f1os de desgracias y devastaci\u00f3n&#8221;, se escud\u00f3 al tiempo que aclar\u00f3: &#8220;El Gobierno hered\u00f3 una situaci\u00f3n desastrosa, la peor herencia que recibi\u00f3 un gobierno en democracia, probablemente de la historia argentina&#8221;.<\/p>\n<p>En la misma l\u00ednea, record\u00f3: &#8220;En diciembre la inflaci\u00f3n corr\u00eda al 25, 5% mensual y la mayorista al 54%, datos que refrescamos de manera seguida, un n\u00famero que anualizado en diciembre nos marcaba que est\u00e1bamos entrando en una hiperinflaci\u00f3n&#8221;, algo que, sin embargo, no ve\u00edan otros economistas.<\/p>\n<p>&#8220;El a\u00f1o pasado, el doctor Sergio Massa recurri\u00f3 al Plan Platita. Solo en el per\u00edodo electoral emiti\u00f3 13 puntos del PBI en billetes para determinar un despilfarro que termin\u00f3 en una inflaci\u00f3n del 211% para 2023&#8221;, cuestion\u00f3 en referencia al excandidato presidencial de Uni\u00f3n por la Patria.<\/p>\n<p>Para el funcionario, el uso de recursos para la campa\u00f1a electoral afect\u00f3 de manera directa el bolsillo de los argentinos a trav\u00e9s del aumento inflacionario y del espiral de precios. &#8220;La \u00faltima hiperinflaci\u00f3n del \u201889 &#8211; \u201990 bajo el gobierno de Ra\u00fal Alfons\u00edn llev\u00f3 a la pobreza del 20% al 47% de mayo a octubre, por supuesto derivando en una cat\u00e1strofe econ\u00f3mica y social&#8221;, narr\u00f3.<\/p>\n<p>&#8220;Cuando hablamos de haber evitado una hiperinflaci\u00f3n, la pobreza se hubiese llevado cerca del 40% a cerca del 95%, hubi\u00e9ramos entrado en un mar de pobreza absoluta si no se evitaba la hiperinflaci\u00f3n&#8221;, se jact\u00f3.<\/p>\n<p>Asimismo, Adorni subray\u00f3: &#8220;Nos hab\u00edan dejado al borde de ser un pa\u00eds con pr\u00e1cticamente todos los habitantes pobres. De hecho este n\u00famero de pobreza, reci\u00e9n el gobierno de Carlos Menem la pudo recomponer seis a\u00f1os despu\u00e9s. Adem\u00e1s tard\u00f3 un a\u00f1o y medio en poder mostrar un mes con un solo d\u00edgito de inflaci\u00f3n. Un edificio se destruye en un segundo y reconstruirlo tarda mucho m\u00e1s tiempo, y eso es lo que ha ocurrido en la Argentina&#8221;.<\/p>\n<p>&#8220;Hoy la situaci\u00f3n es radicalmente distinta, los supermercados ya no remarcan los precios todas las semanas, los intermediarios ya no se quedan con la plata de los que reciben planes y los necesitan y el Gobierno no niega la realidad, sino que la enfrenta y la trabaja&#8221;, sostuvo.<\/p>\n<p>En sinton\u00eda con las predicciones del ministerio de Capital Humano, el vocero pidi\u00f3 &#8220;ver la pel\u00edcula completa&#8221;, y afirm\u00f3 que &#8220;para evitar una situaci\u00f3n de hiperinflaci\u00f3n, se llev\u00f3 adelante un plan para pulverizar la inflaci\u00f3n y se logr\u00f3 de bajar del 25, 5% al 4% actual&#8221;.<\/p>\n<p>&#8220;Exactamente lo contrario que se hizo en las \u00faltimas dos d\u00e9cadas, pero adem\u00e1s se hizo sin chamanismo econ\u00f3mica, sin Ley de G\u00f3ndolas, sin controles de precios, abrazando la ortodoxia que llev\u00f3 a los pa\u00edses m\u00e1s pr\u00f3speros a alcanzar el desarrollo&#8221;, destac\u00f3.<\/p>\n<p>Por \u00faltimo, propuso &#8220;terminar con la ret\u00f3rica de los hip\u00f3critas que cuando gobiernan ellos encuentran mil y una excusas para no cumplir con lo que prometen&#8221;, y defendi\u00f3 el proceso de sinceramiento tarifario al plantear que desde hace 9 meses, el Gobierno impulsa la &#8220;reconstrucci\u00f3n de la Argentina&#8221;.<\/p>\n<p>&#8220;En este proceso hab\u00eda un mont\u00f3n de cuestiones que estaban desalineadas con la realidad, desde el tipo de cambio hasta precios que estaban regulados, y el transporte, ni hablar si comparo lo que pasaba en el AMBA con lo que pasa en otros lugares del interior&#8221;, concluy\u00f3.<\/p>\n","protected":false},"excerpt":{"rendered":"<p>Se anticip\u00f3 al dato de pobreza que dar\u00e1 a conocer el Indec. \u201cEl Gobierno no niega la realidad, sino que la enfrenta y la trabaja\u201d, afirm\u00f3 Adorni &nbsp; &nbsp; El Gobierno se anticip\u00f3 al dato de pobreza que revelar\u00e1 este tarde el Instituto Nacional de Estad\u00edstica y Censos (Indec) y responsabiliz\u00f3 al kirchnerismo por su pol\u00edtica econ\u00f3mica. &#8220;Es la peor herencia de la historia&#8221;, defini\u00f3 el vocero presidencial, Manuel Adorni. En la habitual conferencia de prensa, y a horas de que el instituto publique un nuevo incremento en la cifra&#8230;<\/p>\n","protected":false},"author":3,"featured_media":120746,"comment_status":"closed","ping_status":"closed","sticky":false,"template":"","format":"standard","meta":[],"categories":[18],"tags":[],"_links":{"self":[{"href":"https:\/\/www.actualidadadiario.com\/index.php\/wp-json\/wp\/v2\/posts\/120745"}],"collection":[{"href":"https:\/\/www.actualidadadiario.com\/index.php\/wp-json\/wp\/v2\/posts"}],"about":[{"href":"https:\/\/www.actualidadadiario.com\/index.php\/wp-json\/wp\/v2\/types\/post"}],"author":[{"embeddable":true,"href":"https:\/\/www.actualidadadiario.com\/index.php\/wp-json\/wp\/v2\/users\/3"}],"replies":[{"embeddable":true,"href":"https:\/\/www.actualidadadiario.com\/index.php\/wp-json\/wp\/v2\/comments?post=120745"}],"version-history":[{"count":1,"href":"https:\/\/www.actualidadadiario.com\/index.php\/wp-json\/wp\/v2\/posts\/120745\/revisions"}],"predecessor-version":[{"id":120747,"href":"https:\/\/www.actualidadadiario.com\/index.php\/wp-json\/wp\/v2\/posts\/120745\/revisions\/120747"}],"wp:featuredmedia":[{"embeddable":true,"href":"https:\/\/www.actualidadadiario.com\/index.php\/wp-json\/wp\/v2\/media\/120746"}],"wp:attachment":[{"href":"https:\/\/www.actualidadadiario.com\/index.php\/wp-json\/wp\/v2\/media?parent=120745"}],"wp:term":[{"taxonomy":"category","embeddable":true,"href":"https:\/\/www.actualidadadiario.com\/index.php\/wp-json\/wp\/v2\/categories?post=120745"},{"taxonomy":"post_tag","embeddable":true,"href":"https:\/\/www.actualidadadiario.com\/index.php\/wp-json\/wp\/v2\/tags?post=120745"}],"curies":[{"name":"wp","href":"https:\/\/api.w.org\/{rel}","templated":true}]}}