{"id":120739,"date":"2024-09-26T15:17:08","date_gmt":"2024-09-26T18:17:08","guid":{"rendered":"https:\/\/www.actualidadadiario.com\/?p=120739"},"modified":"2024-09-26T15:17:08","modified_gmt":"2024-09-26T18:17:08","slug":"el-periodista-mas-popular-de-cordoba-destrozo-a-milei-vino-disfrazado-espio-desde-el-aire-y-forreo-a-los-bomberos","status":"publish","type":"post","link":"https:\/\/www.actualidadadiario.com\/index.php\/2024\/09\/26\/el-periodista-mas-popular-de-cordoba-destrozo-a-milei-vino-disfrazado-espio-desde-el-aire-y-forreo-a-los-bomberos\/","title":{"rendered":"El periodista m\u00e1s popular de C\u00f3rdoba destroz\u00f3 a Milei: &#8220;Vino disfrazado, espi\u00f3 desde el aire y forre\u00f3 a los bomberos&#8221;"},"content":{"rendered":"<p style=\"text-align: center;\"><em><strong>Jorge &#8220;Petete&#8221; Mart\u00ednez, hist\u00f3rico conductor de la ma\u00f1ana cordobesa, fulmin\u00f3 al presidente: &#8220;\u00bfPara qu\u00e9 se disfraza si no camin\u00f3 la zona? Es como disfrazarte de He-Man y quedarte en el living de tu casa&#8221;<\/strong><\/em><\/p>\n<p>&nbsp;<\/p>\n<p>&nbsp;<\/p>\n<p>La visita de Javier Milei a C\u00f3rdoba sigue generando cr\u00edticas luego de que el Presidente dejara plantados una hora a los bomberos que combaten los incendios y apenas se mostrara en una oficina, lejos de la zona del desastre.<\/p>\n<p>La malograda visita de Milei a C\u00f3rdoba parece haberlo dejado en un lugar muy inc\u00f3modo frente a una sociedad que lo apoy\u00f3 masivamente en las elecciones del a\u00f1o pasado y adonde todav\u00eda sosten\u00eda niveles de aprobaci\u00f3n muy altos.<\/p>\n<p>Un ejemplo de esto es el lapidario editorial que le dedic\u00f3 este jueves Jorge &#8220;Petete&#8221; Mart\u00ednez, conductor de la ma\u00f1ana de Radio Mitre C\u00f3rdoba y uno de los grandes referentes del periodismo de la provincia.<\/p>\n<p>&#8220;Milei vino ayer disfrazado a C\u00f3rdoba con ropa de camuflaje, con esa t\u00edpica campera bataraza que usan las fuerzas para visitar, patrullar o caminar una zona de desastre. Vino preparado para la ocasi\u00f3n porque C\u00f3rdoba es zona de desastre despu\u00e9s de los pavorosos incendios que quemaron decenas de casas, destruyeron la infraestructura de varios pueblos y provocaron una verdadera tristeza colectiva&#8221;, comenz\u00f3 Mart\u00ednez.<\/p>\n<p>&#8220;En medio de esa impotencia y de ese dolor lleg\u00f3 el presidente y la verdad que a los cordobeses nos pareci\u00f3 muy buena idea&#8221;, continu\u00f3. &#8220;Sin embargo, la visita de Milei se transform\u00f3 en una visita fantasma: solo espi\u00f3 a C\u00f3rdoba desde el aire&#8221;, cuestion\u00f3 el periodista.<\/p>\n<p>&#8220;Hasta minutos antes -y esto puede ser anecd\u00f3tico, pero revela la manera en que se mueve la comitiva presidencial- el gobernador de C\u00f3rdoba no sab\u00eda si iba a poder subirse al helic\u00f3ptero con el presidente. Al final lo subieron, pero Milei decidi\u00f3 no bajar en ning\u00fan lado&#8221;, relat\u00f3 Petete Mart\u00ednez.<\/p>\n<p>&#8220;La pregunta que uno se hace es \u00bfa qu\u00e9 vino? Porque fue una visita fantasma, la de Milei fue una visita fantasma&#8221;, critic\u00f3 el periodista. &#8220;No se ensuci\u00f3 los pies en C\u00f3rdoba, no camin\u00f3 por la tierra tiznada, no salud\u00f3 a los intendentes que est\u00e1n esperando ayuda, no les agradeci\u00f3 a los bomberos que son los verdaderos h\u00e9roes en esta historia, a esos h\u00e9roes no los salud\u00f3. A los otros h\u00e9roes que le bocharon la mejora a los jubilados los invit\u00f3 a comer un asado&#8221;, agreg\u00f3.<\/p>\n<p>Mart\u00ednez le cuestion\u00f3 al presidente su &#8220;falta de empat\u00eda&#8221; con el dolor de los cordobeses. &#8220;\u00bfPara qu\u00e9 se disfraz\u00f3 con campera bataraza si no camin\u00f3 la zona? Podr\u00eda haber venido con zapatos charolados y de traje y corbata para dar un paseo en helic\u00f3ptero. \u00bfPara qu\u00e9 se caracteriza de esta manera? Es como disfrazarte de He-Man y usarlo en el living de tu casa&#8221;, ironiz\u00f3 Petete bien al estilo cordob\u00e9s. \u00bfPara qu\u00e9 la campera bataraza? \u00bfPara la foto?&#8221;, insisti\u00f3.<\/p>\n<p>&#8220;Es una pena que el presidente no haya hablado con la gente, es una verdadera pena&#8221;, lament\u00f3. &#8220;Uno lo ve al presidente con los dos pulgares para arriba y haciendo piquito para la foto con Elon Musk, \u00bfcu\u00e1ntas selfies se sac\u00f3 ya con Elon Musk? Ser\u00eda bueno que pudiera salirse de esas selfies para hablar con el pueblo, con los que est\u00e1n sufriendo, con los que la est\u00e1n pasando mal&#8221;, critic\u00f3.<\/p>\n<p>Mart\u00ednez tambi\u00e9n se refiri\u00f3 al &#8220;desplante&#8221; a los bomberos h\u00e9roes que combaten hace d\u00edas y sin descanso los incendios. &#8220;Bomberos que est\u00e1n fusilados, reventados, una hora los tuvieron formados al rayo del sol porque el presidente iba a pasar y no pas\u00f3. Esto es una falta de respeto, es forrear a los bomberos&#8221;, se indign\u00f3.<\/p>\n<p>&#8220;A mi me importa tres carajos si tienen onda con el gobernador, si fingen, no me interesa. Me interesa que est\u00e9 en la zona. Y tampoco hizo anuncios&#8221;, lanz\u00f3 Mart\u00ednez. &#8220;Yo la verdad que no termino de entender la l\u00f3gica de la relaci\u00f3n del presidente con los seres humanos, sobre todo con los que la est\u00e1n pasando mal. La visita fue desopilante, vio C\u00f3rdoba desde el aire, estuvo unas tres horas dando vueltas y se llev\u00f3 un poncho de regalo&#8221;, complet\u00f3.<\/p>\n","protected":false},"excerpt":{"rendered":"<p>Jorge &#8220;Petete&#8221; Mart\u00ednez, hist\u00f3rico conductor de la ma\u00f1ana cordobesa, fulmin\u00f3 al presidente: &#8220;\u00bfPara qu\u00e9 se disfraza si no camin\u00f3 la zona? Es como disfrazarte de He-Man y quedarte en el living de tu casa&#8221; &nbsp; &nbsp; La visita de Javier Milei a C\u00f3rdoba sigue generando cr\u00edticas luego de que el Presidente dejara plantados una hora a los bomberos que combaten los incendios y apenas se mostrara en una oficina, lejos de la zona del desastre. La malograda visita de Milei a C\u00f3rdoba parece haberlo dejado en un lugar muy inc\u00f3modo&#8230;<\/p>\n","protected":false},"author":3,"featured_media":120740,"comment_status":"closed","ping_status":"closed","sticky":false,"template":"","format":"standard","meta":[],"categories":[18],"tags":[],"_links":{"self":[{"href":"https:\/\/www.actualidadadiario.com\/index.php\/wp-json\/wp\/v2\/posts\/120739"}],"collection":[{"href":"https:\/\/www.actualidadadiario.com\/index.php\/wp-json\/wp\/v2\/posts"}],"about":[{"href":"https:\/\/www.actualidadadiario.com\/index.php\/wp-json\/wp\/v2\/types\/post"}],"author":[{"embeddable":true,"href":"https:\/\/www.actualidadadiario.com\/index.php\/wp-json\/wp\/v2\/users\/3"}],"replies":[{"embeddable":true,"href":"https:\/\/www.actualidadadiario.com\/index.php\/wp-json\/wp\/v2\/comments?post=120739"}],"version-history":[{"count":1,"href":"https:\/\/www.actualidadadiario.com\/index.php\/wp-json\/wp\/v2\/posts\/120739\/revisions"}],"predecessor-version":[{"id":120741,"href":"https:\/\/www.actualidadadiario.com\/index.php\/wp-json\/wp\/v2\/posts\/120739\/revisions\/120741"}],"wp:featuredmedia":[{"embeddable":true,"href":"https:\/\/www.actualidadadiario.com\/index.php\/wp-json\/wp\/v2\/media\/120740"}],"wp:attachment":[{"href":"https:\/\/www.actualidadadiario.com\/index.php\/wp-json\/wp\/v2\/media?parent=120739"}],"wp:term":[{"taxonomy":"category","embeddable":true,"href":"https:\/\/www.actualidadadiario.com\/index.php\/wp-json\/wp\/v2\/categories?post=120739"},{"taxonomy":"post_tag","embeddable":true,"href":"https:\/\/www.actualidadadiario.com\/index.php\/wp-json\/wp\/v2\/tags?post=120739"}],"curies":[{"name":"wp","href":"https:\/\/api.w.org\/{rel}","templated":true}]}}