{"id":120737,"date":"2024-09-26T15:15:44","date_gmt":"2024-09-26T18:15:44","guid":{"rendered":"https:\/\/www.actualidadadiario.com\/?p=120737"},"modified":"2024-09-26T15:15:44","modified_gmt":"2024-09-26T18:15:44","slug":"reves-para-el-gobierno-la-justicia-suspendio-el-dnu-que-declaro-la-esencialidad-del-transporte-aereo","status":"publish","type":"post","link":"https:\/\/www.actualidadadiario.com\/index.php\/2024\/09\/26\/reves-para-el-gobierno-la-justicia-suspendio-el-dnu-que-declaro-la-esencialidad-del-transporte-aereo\/","title":{"rendered":"Rev\u00e9s para el Gobierno: la Justicia suspendi\u00f3 el DNU que declar\u00f3 la esencialidad del transporte a\u00e9reo"},"content":{"rendered":"<p style=\"text-align: center;\"><em><strong>Es una resoluci\u00f3n del Juzgado del Trabajo N\u00b042, a cargo del juez Ricardo Hierrezuelo, quien dispuso una medida cautelar contra los decretos 825 y 831 que correr\u00e1 por los pr\u00f3ximos tres meses<\/strong><\/em><\/p>\n<p>&nbsp;<\/p>\n<p>&nbsp;<\/p>\n<p>La Justicia suspendi\u00f3 los decretos del Gobierno que declaraban como servicio esencial a la actividad aeron\u00e1utica y, de esta manera, hizo lugar a una medida cautelar presentada por la Asociaci\u00f3n de Pilotos de L\u00edneas A\u00e9reas (APLA) que encabeza Pablo Bir\u00f3 en medio del conflicto con los trabajadores.<\/p>\n<p>El juez Ricardo Hierrezuelo, del Juzgado del Trabajo N\u00b042, suspendi\u00f3 la aplicaci\u00f3n de los decretos 825 y 831 por un plazo de tres meses. As\u00ed el magistrado remarc\u00f3 que &#8220;el derecho a huelga se encuentra expresamente reconocido en nuestro pa\u00eds&#8221; mediante el art\u00edculo 14 bis de la Constituci\u00f3n Nacional. Tambi\u00e9n se\u00f1al\u00f3 que, seg\u00fan los convenios internacionales vigentes, &#8220;la actividad aeron\u00e1utica civil aerocomercial no se encuentra entre los servicios esenciales enumerados&#8221;.<\/p>\n<p>En el marco del conflicto salarial con Aerol\u00edneas Argentinas, el gobierno declaraba &#8220;esencial&#8221; el servicio de transporte a\u00e9reo. Esta medida fue considerada una limitaci\u00f3n del ejercicio del derecho de huelga de los pilotos por los trabajadores, seg\u00fan public\u00f3 APLA hoy en su red social X.<\/p>\n<p>&nbsp;<\/p>\n<p><strong>Desde el Sindicato<\/strong><\/p>\n<p>Seg\u00fan el gremio, la resoluci\u00f3n se\u00f1ala que se encuentra &#8220;debidamente acreditado el planteo efectuado por APLA, conforme las normas constitucionales, legales y reglamentarias&#8221;. Tambi\u00e9n sumaron que el derecho de huelga &#8220;se encuentra expresamente reconocido en nuestro pa\u00eds a partir de la incorporaci\u00f3n del art. 14bis de la C.N. en el a\u00f1o 1957, as\u00ed como tambi\u00e9n en el art. 8 del Pacto Internacional de Derechos Econ\u00f3micos, Sociales y Culturales y en Convenio 87 de la OIT que tiene jerarqu\u00eda constitucional&#8221;. Con esto, sostienen que &#8220;conserva vigencia el art. 24 original de la ley 25.877 y el decreto reglamentario 272\/06, no encontr\u00e1ndose la actividad aeron\u00e1utica civil aerocomercial entre los servicios esenciales enumerados&#8221;.<\/p>\n<p>Por su parte, los pilotos se\u00f1alan: &#8220;como evidencia la permanente conducta de APLA, siempre en el marco del Estado de Derecho, contestaremos a cada ilegalidad con mayor convicci\u00f3n sobre las razones de nuestros reclamos&#8221;. Tambi\u00e9n advirtieron que &#8220;el Gobierno, con cada medida con que se involucra en el conflicto pone en evidencia, repetidamente, situarse como parte del mismo y, con ello, confundir su funci\u00f3n de poder p\u00fablico con la de empleador o, peor a\u00fan, con la de intereses distintos a los del Estado Nacional y el patrimonio p\u00fablico, violando escandalosamente las normas vigentes y determinado responsabilidad por ello&#8221;.<\/p>\n","protected":false},"excerpt":{"rendered":"<p>Es una resoluci\u00f3n del Juzgado del Trabajo N\u00b042, a cargo del juez Ricardo Hierrezuelo, quien dispuso una medida cautelar contra los decretos 825 y 831 que correr\u00e1 por los pr\u00f3ximos tres meses &nbsp; &nbsp; La Justicia suspendi\u00f3 los decretos del Gobierno que declaraban como servicio esencial a la actividad aeron\u00e1utica y, de esta manera, hizo lugar a una medida cautelar presentada por la Asociaci\u00f3n de Pilotos de L\u00edneas A\u00e9reas (APLA) que encabeza Pablo Bir\u00f3 en medio del conflicto con los trabajadores. El juez Ricardo Hierrezuelo, del Juzgado del Trabajo N\u00b042,&#8230;<\/p>\n","protected":false},"author":3,"featured_media":83676,"comment_status":"closed","ping_status":"closed","sticky":false,"template":"","format":"standard","meta":[],"categories":[18],"tags":[],"_links":{"self":[{"href":"https:\/\/www.actualidadadiario.com\/index.php\/wp-json\/wp\/v2\/posts\/120737"}],"collection":[{"href":"https:\/\/www.actualidadadiario.com\/index.php\/wp-json\/wp\/v2\/posts"}],"about":[{"href":"https:\/\/www.actualidadadiario.com\/index.php\/wp-json\/wp\/v2\/types\/post"}],"author":[{"embeddable":true,"href":"https:\/\/www.actualidadadiario.com\/index.php\/wp-json\/wp\/v2\/users\/3"}],"replies":[{"embeddable":true,"href":"https:\/\/www.actualidadadiario.com\/index.php\/wp-json\/wp\/v2\/comments?post=120737"}],"version-history":[{"count":1,"href":"https:\/\/www.actualidadadiario.com\/index.php\/wp-json\/wp\/v2\/posts\/120737\/revisions"}],"predecessor-version":[{"id":120738,"href":"https:\/\/www.actualidadadiario.com\/index.php\/wp-json\/wp\/v2\/posts\/120737\/revisions\/120738"}],"wp:featuredmedia":[{"embeddable":true,"href":"https:\/\/www.actualidadadiario.com\/index.php\/wp-json\/wp\/v2\/media\/83676"}],"wp:attachment":[{"href":"https:\/\/www.actualidadadiario.com\/index.php\/wp-json\/wp\/v2\/media?parent=120737"}],"wp:term":[{"taxonomy":"category","embeddable":true,"href":"https:\/\/www.actualidadadiario.com\/index.php\/wp-json\/wp\/v2\/categories?post=120737"},{"taxonomy":"post_tag","embeddable":true,"href":"https:\/\/www.actualidadadiario.com\/index.php\/wp-json\/wp\/v2\/tags?post=120737"}],"curies":[{"name":"wp","href":"https:\/\/api.w.org\/{rel}","templated":true}]}}