{"id":120732,"date":"2024-09-26T12:19:03","date_gmt":"2024-09-26T15:19:03","guid":{"rendered":"https:\/\/www.actualidadadiario.com\/?p=120732"},"modified":"2024-09-26T12:19:03","modified_gmt":"2024-09-26T15:19:03","slug":"milei-difundio-una-fake-news-responsabilizo-a-la-campora-por-los-incendios-en-cordoba","status":"publish","type":"post","link":"https:\/\/www.actualidadadiario.com\/index.php\/2024\/09\/26\/milei-difundio-una-fake-news-responsabilizo-a-la-campora-por-los-incendios-en-cordoba\/","title":{"rendered":"Milei difundi\u00f3 una fake news: responsabiliz\u00f3 a La C\u00e1mpora por los incendios en C\u00f3rdoba"},"content":{"rendered":"<p style=\"text-align: center;\"><em><strong>El presidente utiliz\u00f3 su cuenta de X para compartir informaci\u00f3n que desmintieron desde la Gobernaci\u00f3n y la Justicia local. La noticia falsa aseguraba que 17 militantes kirchneristas hab\u00edan sido detenidos, pero el \u00fanico apresado no tiene afiliaci\u00f3n pol\u00edtica<\/strong><\/em><\/p>\n<p>&nbsp;<\/p>\n<p>&nbsp;<\/p>\n<p>El presidente Javier Milei utiliz\u00f3 su cuenta de X para difundir una fake news y responsabiliz\u00f3 a La C\u00e1mpora por iniciar los incendios que azotan a la provincia de C\u00f3rdoba. A trav\u00e9s de un repost, el mandatario sostuvo que hab\u00eda 17 detenidos de la agrupaci\u00f3n, informaci\u00f3n que desmintieron desde la Gobernaci\u00f3n y la justicia provincial.<\/p>\n<p>A trav\u00e9s del posteo del usuario Chad (@NoMePisesAr), replicado en su propio perfil, el jefe de Estado asegur\u00f3 que se detuvieron a 17 militantes kirchneristas investigados por iniciar los incendios en la provincia que originaron el fuego que se incrementa en varias localidades.<\/p>\n<p>Seg\u00fan constat\u00f3 la agencia Noticias Argentinas con fuentes directas del entorno del gobernador Mart\u00edn Llaryora, la informaci\u00f3n expresada en el mensaje \u201cno es la que manejan ni en la gobernaci\u00f3n ni en la justicia de C\u00f3rdoba\u201d.<\/p>\n<p>\u201cNo fuimos avisados por absolutamente nadie. Ning\u00fan medio local dio esa informaci\u00f3n y el \u00fanico apresado es un hombre en Capilla del Monte y no tiene ninguna afiliaci\u00f3n pol\u00edtica\u201d, aclaran al respecto.<\/p>\n<p>En la misma l\u00ednea, y debido al prontuario del mandatario en el uso de sus redes, remarcan: \u201cEl Presidente habr\u00e1 reposteado eso de alguien que no cheque\u00f3 ninguna fuente\u201d.<\/p>\n<p>Al respecto, el ministro de Seguridad de C\u00f3rdoba, Juan Pablo Quinteros, revel\u00f3 que \u201cnada hace pensar que haya una conexi\u00f3n entre los distintos detenidos\u201d, y revel\u00f3 que \u201cno se saben los motivos del incendio intencional\u201d.<\/p>\n<p>\u201cTodo ser\u00e1 materia de investigaci\u00f3n, pero no hay 17 detenidos ni una relaci\u00f3n entre los mismos\u201d, aclar\u00f3 el funcionario al tiempo que revel\u00f3 que son 11 los detenidos en total, desde el inicio de los incendios, y detall\u00f3 que algunos fueron condenados a tres a\u00f1os de prisi\u00f3n en suspenso, otros liberados, y algunos permanecen apresados.<\/p>\n<p>En la misma l\u00ednea, y en declaraciones radiales, subray\u00f3: \u201cEstar explicando estas cuestiones y cuando se politizan los incendios nos hacen perder el tiempo y nos desenfocan de nuestro objetivo que es mitigar y extinguir los focos\u201d.<\/p>\n<p>Incluso, el fiscal general Juan Manuel Delgado sali\u00f3 a desmentir las acusaciones replicadas por el libertario.<\/p>\n<p>El pasado mi\u00e9rcoles, Milei viaj\u00f3 a C\u00f3rdoba para monitorear las consecuencias de los incendios forestales junto el gobernador y sobrevol\u00f3 las zonas afectadas.<\/p>\n","protected":false},"excerpt":{"rendered":"<p>El presidente utiliz\u00f3 su cuenta de X para compartir informaci\u00f3n que desmintieron desde la Gobernaci\u00f3n y la Justicia local. La noticia falsa aseguraba que 17 militantes kirchneristas hab\u00edan sido detenidos, pero el \u00fanico apresado no tiene afiliaci\u00f3n pol\u00edtica &nbsp; &nbsp; El presidente Javier Milei utiliz\u00f3 su cuenta de X para difundir una fake news y responsabiliz\u00f3 a La C\u00e1mpora por iniciar los incendios que azotan a la provincia de C\u00f3rdoba. A trav\u00e9s de un repost, el mandatario sostuvo que hab\u00eda 17 detenidos de la agrupaci\u00f3n, informaci\u00f3n que desmintieron desde la&#8230;<\/p>\n","protected":false},"author":3,"featured_media":120733,"comment_status":"closed","ping_status":"closed","sticky":false,"template":"","format":"standard","meta":[],"categories":[9],"tags":[],"_links":{"self":[{"href":"https:\/\/www.actualidadadiario.com\/index.php\/wp-json\/wp\/v2\/posts\/120732"}],"collection":[{"href":"https:\/\/www.actualidadadiario.com\/index.php\/wp-json\/wp\/v2\/posts"}],"about":[{"href":"https:\/\/www.actualidadadiario.com\/index.php\/wp-json\/wp\/v2\/types\/post"}],"author":[{"embeddable":true,"href":"https:\/\/www.actualidadadiario.com\/index.php\/wp-json\/wp\/v2\/users\/3"}],"replies":[{"embeddable":true,"href":"https:\/\/www.actualidadadiario.com\/index.php\/wp-json\/wp\/v2\/comments?post=120732"}],"version-history":[{"count":1,"href":"https:\/\/www.actualidadadiario.com\/index.php\/wp-json\/wp\/v2\/posts\/120732\/revisions"}],"predecessor-version":[{"id":120734,"href":"https:\/\/www.actualidadadiario.com\/index.php\/wp-json\/wp\/v2\/posts\/120732\/revisions\/120734"}],"wp:featuredmedia":[{"embeddable":true,"href":"https:\/\/www.actualidadadiario.com\/index.php\/wp-json\/wp\/v2\/media\/120733"}],"wp:attachment":[{"href":"https:\/\/www.actualidadadiario.com\/index.php\/wp-json\/wp\/v2\/media?parent=120732"}],"wp:term":[{"taxonomy":"category","embeddable":true,"href":"https:\/\/www.actualidadadiario.com\/index.php\/wp-json\/wp\/v2\/categories?post=120732"},{"taxonomy":"post_tag","embeddable":true,"href":"https:\/\/www.actualidadadiario.com\/index.php\/wp-json\/wp\/v2\/tags?post=120732"}],"curies":[{"name":"wp","href":"https:\/\/api.w.org\/{rel}","templated":true}]}}