{"id":120726,"date":"2024-09-26T12:12:20","date_gmt":"2024-09-26T15:12:20","guid":{"rendered":"https:\/\/www.actualidadadiario.com\/?p=120726"},"modified":"2024-09-26T12:12:20","modified_gmt":"2024-09-26T15:12:20","slug":"plan-verano-el-gobierno-anuncio-medidas-para-evitar-cortes-de-luz","status":"publish","type":"post","link":"https:\/\/www.actualidadadiario.com\/index.php\/2024\/09\/26\/plan-verano-el-gobierno-anuncio-medidas-para-evitar-cortes-de-luz\/","title":{"rendered":"Plan Verano: el Gobierno anunci\u00f3 medidas para evitar cortes de luz"},"content":{"rendered":"<p style=\"text-align: center;\"><em><strong>Energ\u00eda dio a conocer las principales iniciativas para evitar cortes de luz en los d\u00edas de altas temperaturas<\/strong><\/em><\/p>\n<p>&nbsp;<\/p>\n<p>&nbsp;<\/p>\n<p>El Gobierno dio a conocer el \u201ctrazo grueso\u201d de las medidas que aplicar\u00e1 para evitar los cortes en el suministro de energ\u00eda el\u00e9ctrica para los usuarios residenciales en el transcurso del verano, debido a que el sistema podr\u00eda tener falencias para atender una demanda creciente si suceden varios d\u00edas con temperaturas superiores a los 30\u00b0C.<\/p>\n<p>En ese sentido, la Secretar\u00eda de Energ\u00eda present\u00f3 los lineamientos principales del \u201cPlan Verano 2024-2025\u201d, al que defini\u00f3 como \u201cuna serie de medidas concretas para evitar que los usuarios residenciales sufran cortes de electricidad en los picos de demanda\u201d.<\/p>\n<p>&nbsp;<\/p>\n<p><strong>Qu\u00e9 es el Plan Verano<\/strong><\/p>\n<p>Los ejes del plan comprenden las tres etapas de la cadena: en generaci\u00f3n, la importaci\u00f3n de energ\u00eda de Brasil y el aumento de intercambios de Yacyret\u00e1 con Paraguay; en transporte, la habilitaci\u00f3n de cuatro transformadores de reserva y, en distribuci\u00f3n, un \u201cmecanismo de gesti\u00f3n de demanda\u201d para grandes industrias, con un r\u00e9gimen de cortes que ser\u00e1 \u201cvoluntario, programado y remunerado\u201d.<\/p>\n<p>Parte de este plan hab\u00eda sido anticipado en declaraciones radiales por el secretario de Energ\u00eda, Eduardo Rodr\u00edguez Chirillo,y por la subsecretaria de Transici\u00f3n y Planeamiento Energ\u00e9tico, Mariela Beljansky, al disertar en un seminario organizado por empresas n\u00f3rdicas.<\/p>\n<p>De acuerdo con las previsiones recientemente anunciadas por la Compa\u00f1\u00eda Administradora del Mercado Mayorista (Cammesa), se espera que si en el verano las temperaturas excedan los 30\u00b0C durante varios d\u00edas consecutivos, la demanda de potencia llegue al orden de los 30.700 Mw, cuando se estima que el sistema puede entrar en situaciones problem\u00e1ticas a partir de los 29.000 Mw.<\/p>\n<p>Para evitar un eventual colapso del SADI (Sistema Argentino de Distribuci\u00f3n), Energ\u00eda anunci\u00f3 en un comunicado que \u201cest\u00e1 trabajando, planificada y anticipadamente en una serie de medidas concretas para evitar que los usuarios residenciales sufran cortes de electricidad en los picos de demanda del verano 2024-2025\u201d.<\/p>\n<p>&nbsp;<\/p>\n<p><strong>Generaci\u00f3n, transporte y distribuci\u00f3n<\/strong><\/p>\n<p>\u201cEntre las medidas del segmento generaci\u00f3n, se encuentran la importaci\u00f3n de energ\u00eda y potencia de Brasil en d\u00edas cr\u00edticos; la gesti\u00f3n con Paraguay para aumentar los intercambios de Yacyret\u00e1 y el dise\u00f1o de un mecanismo de incentivos a la disponibilidad de generadores t\u00e9rmicos\u201d, indic\u00f3 la Secretar\u00eda.<\/p>\n<p>En el sector transporte, se trabajar\u00e1 en \u201cla disponibilidad de cuatro transformadores de reserva\u201d, mientras que en el segmento distribuci\u00f3n \u201cse establecer\u00e1 un mecanismo de gesti\u00f3n de reducci\u00f3n de demanda a los grandes usuarios (industrias), voluntario, programado y remunerado\u201d, aclar\u00f3.<\/p>\n<p>Adem\u00e1s, el Ente Nacional Regulador de la Electricidad (ENRE) instruir\u00e1 a las empresas distribuidoras del AMBA (Edenor y Edesur) a \u201cpresentar un Programa de Atenci\u00f3n de Contingencias para sus nodos cr\u00edticos\u201d, a\u00f1adi\u00f3 Energ\u00eda.<\/p>\n<p>En ese orden se puntualiz\u00f3 que \u201cno est\u00e1n previstos los cortes programados a usuarios residenciales\u201d.<\/p>\n<p>&nbsp;<\/p>\n<p><strong>Crisis del sector<\/strong><\/p>\n<p>Energ\u00eda plante\u00f3 que las medidas \u201cson imprescindibles por la crisis que vive el sector energ\u00e9tico debido a la falta de inversi\u00f3n y mantenimiento en los \u00faltimos 20 a\u00f1os, que llevaron al sistema al borde del colapso\u201d.<\/p>\n<p>Por otra parte, sum\u00f3 a los inconvenientes en el verano a \u201cla parada t\u00e9cnica de la Central Nuclear Atucha I\u201d, que cuenta con una potencia de 360 Mw, as\u00ed como \u201cla situaci\u00f3n coyuntural hidrol\u00f3gica de Brasil\u201d, que afectar\u00eda el cauce de sus r\u00edos y, en consecuencia, la generaci\u00f3n de las centrales hidroel\u00e9ctricas, lo que podr\u00eda dificultar la importaci\u00f3n de energ\u00eda de ese destino.<\/p>\n<p>\u201cEl Gobierno est\u00e1 trabajando de forma planificada, 3 meses antes del verano, para tomar las medidas necesarias que ayuden a evitar cortes de luz a hogares residenciales\u201d, finaliz\u00f3.<\/p>\n","protected":false},"excerpt":{"rendered":"<p>Energ\u00eda dio a conocer las principales iniciativas para evitar cortes de luz en los d\u00edas de altas temperaturas &nbsp; &nbsp; El Gobierno dio a conocer el \u201ctrazo grueso\u201d de las medidas que aplicar\u00e1 para evitar los cortes en el suministro de energ\u00eda el\u00e9ctrica para los usuarios residenciales en el transcurso del verano, debido a que el sistema podr\u00eda tener falencias para atender una demanda creciente si suceden varios d\u00edas con temperaturas superiores a los 30\u00b0C. En ese sentido, la Secretar\u00eda de Energ\u00eda present\u00f3 los lineamientos principales del \u201cPlan Verano 2024-2025\u201d,&#8230;<\/p>\n","protected":false},"author":3,"featured_media":120727,"comment_status":"closed","ping_status":"closed","sticky":false,"template":"","format":"standard","meta":[],"categories":[2],"tags":[],"_links":{"self":[{"href":"https:\/\/www.actualidadadiario.com\/index.php\/wp-json\/wp\/v2\/posts\/120726"}],"collection":[{"href":"https:\/\/www.actualidadadiario.com\/index.php\/wp-json\/wp\/v2\/posts"}],"about":[{"href":"https:\/\/www.actualidadadiario.com\/index.php\/wp-json\/wp\/v2\/types\/post"}],"author":[{"embeddable":true,"href":"https:\/\/www.actualidadadiario.com\/index.php\/wp-json\/wp\/v2\/users\/3"}],"replies":[{"embeddable":true,"href":"https:\/\/www.actualidadadiario.com\/index.php\/wp-json\/wp\/v2\/comments?post=120726"}],"version-history":[{"count":1,"href":"https:\/\/www.actualidadadiario.com\/index.php\/wp-json\/wp\/v2\/posts\/120726\/revisions"}],"predecessor-version":[{"id":120728,"href":"https:\/\/www.actualidadadiario.com\/index.php\/wp-json\/wp\/v2\/posts\/120726\/revisions\/120728"}],"wp:featuredmedia":[{"embeddable":true,"href":"https:\/\/www.actualidadadiario.com\/index.php\/wp-json\/wp\/v2\/media\/120727"}],"wp:attachment":[{"href":"https:\/\/www.actualidadadiario.com\/index.php\/wp-json\/wp\/v2\/media?parent=120726"}],"wp:term":[{"taxonomy":"category","embeddable":true,"href":"https:\/\/www.actualidadadiario.com\/index.php\/wp-json\/wp\/v2\/categories?post=120726"},{"taxonomy":"post_tag","embeddable":true,"href":"https:\/\/www.actualidadadiario.com\/index.php\/wp-json\/wp\/v2\/tags?post=120726"}],"curies":[{"name":"wp","href":"https:\/\/api.w.org\/{rel}","templated":true}]}}