{"id":120722,"date":"2024-09-26T12:11:01","date_gmt":"2024-09-26T15:11:01","guid":{"rendered":"https:\/\/www.actualidadadiario.com\/?p=120722"},"modified":"2024-09-26T12:11:11","modified_gmt":"2024-09-26T15:11:11","slug":"el-feriado-del-comercio-se-traslada-que-pasa-el-lunes-30-de-septiembre","status":"publish","type":"post","link":"https:\/\/www.actualidadadiario.com\/index.php\/2024\/09\/26\/el-feriado-del-comercio-se-traslada-que-pasa-el-lunes-30-de-septiembre\/","title":{"rendered":"El feriado del comercio se traslada: qu\u00e9 pasa el lunes 30 de septiembre"},"content":{"rendered":"<p style=\"text-align: center;\"><em><strong>Este lunes 30 de septiembre se celebra el D\u00eda del Empleado de Comercio<\/strong><\/em><\/p>\n<p>&nbsp;<\/p>\n<p>&nbsp;<\/p>\n<p>El D\u00eda del Empleado de Comercio, que hist\u00f3ricamente se celebra el 26 de septiembre, ha sido trasladado este a\u00f1o al lunes 30 de septiembre, seg\u00fan un acuerdo entre la Federaci\u00f3n Argentina de Empleados de Comercio y Servicios (FAECYS) y las c\u00e1maras empresarias. Esta decisi\u00f3n busca aprovechar el fin de semana largo y garantizar que los trabajadores del sector tengan un reconocimiento adecuado.<\/p>\n<p>&nbsp;<\/p>\n<p><strong>C\u00f3mo afecta el feriado a los comercios<\/strong><\/p>\n<p>El traslado del feriado implica que supermercados, shoppings y la mayor\u00eda de los comercios no abrir\u00e1n sus puertas el 30 de septiembre. Sin embargo, aquellos locales atendidos por sus due\u00f1os o empleados que voluntariamente acepten trabajar podr\u00e1n operar ese d\u00eda.<\/p>\n<p>&nbsp;<\/p>\n<p><strong>Impacto legal y remuneraci\u00f3n<\/strong><\/p>\n<p>La Ley 26.541 establece que este d\u00eda tiene car\u00e1cter de feriado nacional para los empleados de comercio. Por lo tanto, quienes decidan trabajar deber\u00e1n cobrar el doble de su salario habitual, mientras que los que no asistan no ver\u00e1n afectada su remuneraci\u00f3n.<\/p>\n<p>&nbsp;<\/p>\n<p><strong>El rol de FAECYS en la defensa de los trabajadores<\/strong><\/p>\n<p>Desde su fundaci\u00f3n en 1945, la FAECYS ha sido un actor clave en la lucha por los derechos de los empleados de comercio, garantizando mejoras en sus condiciones laborales. Este d\u00eda conmemora su esfuerzo y la relevancia de los trabajadores dentro del tejido econ\u00f3mico argentino.<\/p>\n<p>&nbsp;<\/p>\n<p><strong>Qui\u00e9nes est\u00e1n incluidos en este feriado<\/strong><\/p>\n<p>El D\u00eda del Empleado de Comercio incluye a todos los trabajadores del sector comercial, desde empleados de supermercados y shoppings hasta quienes trabajan en actividades civiles con fines de lucro o como administrativos en explotaciones industriales. No obstante, este feriado no afecta a otras actividades laborales ni al transporte p\u00fablico.<\/p>\n","protected":false},"excerpt":{"rendered":"<p>Este lunes 30 de septiembre se celebra el D\u00eda del Empleado de Comercio &nbsp; &nbsp; El D\u00eda del Empleado de Comercio, que hist\u00f3ricamente se celebra el 26 de septiembre, ha sido trasladado este a\u00f1o al lunes 30 de septiembre, seg\u00fan un acuerdo entre la Federaci\u00f3n Argentina de Empleados de Comercio y Servicios (FAECYS) y las c\u00e1maras empresarias. Esta decisi\u00f3n busca aprovechar el fin de semana largo y garantizar que los trabajadores del sector tengan un reconocimiento adecuado. &nbsp; C\u00f3mo afecta el feriado a los comercios El traslado del feriado implica&#8230;<\/p>\n","protected":false},"author":3,"featured_media":120723,"comment_status":"closed","ping_status":"closed","sticky":false,"template":"","format":"standard","meta":[],"categories":[2],"tags":[],"_links":{"self":[{"href":"https:\/\/www.actualidadadiario.com\/index.php\/wp-json\/wp\/v2\/posts\/120722"}],"collection":[{"href":"https:\/\/www.actualidadadiario.com\/index.php\/wp-json\/wp\/v2\/posts"}],"about":[{"href":"https:\/\/www.actualidadadiario.com\/index.php\/wp-json\/wp\/v2\/types\/post"}],"author":[{"embeddable":true,"href":"https:\/\/www.actualidadadiario.com\/index.php\/wp-json\/wp\/v2\/users\/3"}],"replies":[{"embeddable":true,"href":"https:\/\/www.actualidadadiario.com\/index.php\/wp-json\/wp\/v2\/comments?post=120722"}],"version-history":[{"count":2,"href":"https:\/\/www.actualidadadiario.com\/index.php\/wp-json\/wp\/v2\/posts\/120722\/revisions"}],"predecessor-version":[{"id":120725,"href":"https:\/\/www.actualidadadiario.com\/index.php\/wp-json\/wp\/v2\/posts\/120722\/revisions\/120725"}],"wp:featuredmedia":[{"embeddable":true,"href":"https:\/\/www.actualidadadiario.com\/index.php\/wp-json\/wp\/v2\/media\/120723"}],"wp:attachment":[{"href":"https:\/\/www.actualidadadiario.com\/index.php\/wp-json\/wp\/v2\/media?parent=120722"}],"wp:term":[{"taxonomy":"category","embeddable":true,"href":"https:\/\/www.actualidadadiario.com\/index.php\/wp-json\/wp\/v2\/categories?post=120722"},{"taxonomy":"post_tag","embeddable":true,"href":"https:\/\/www.actualidadadiario.com\/index.php\/wp-json\/wp\/v2\/tags?post=120722"}],"curies":[{"name":"wp","href":"https:\/\/api.w.org\/{rel}","templated":true}]}}