{"id":120720,"date":"2024-09-26T12:09:43","date_gmt":"2024-09-26T15:09:43","guid":{"rendered":"https:\/\/www.actualidadadiario.com\/?p=120720"},"modified":"2024-09-26T12:09:43","modified_gmt":"2024-09-26T15:09:43","slug":"arranco-el-paro-universitario-de-48-horas-contra-el-ajuste-de-javier-milei","status":"publish","type":"post","link":"https:\/\/www.actualidadadiario.com\/index.php\/2024\/09\/26\/arranco-el-paro-universitario-de-48-horas-contra-el-ajuste-de-javier-milei\/","title":{"rendered":"Arranc\u00f3 el paro universitario de 48 horas contra el ajuste de Javier Milei"},"content":{"rendered":"<p style=\"text-align: center;\"><em><strong>Los trabajadores reclaman por mejoras salariales y piden frenar el veto a la Ley de Financiamiento Educativo. Se espera una marcha masiva el pr\u00f3ximo mi\u00e9rcoles 2 de octubre<\/strong><\/em><\/p>\n<p>&nbsp;<\/p>\n<p>&nbsp;<\/p>\n<p>Ya comenz\u00f3 el paro universitario de 48 horas que encabeza personal docente y no docente en contra del ajuste del gobierno de Javier Milei. Entre los reclamos se encuentran las mejoras salariales como as\u00ed tambi\u00e9n el pedido de frenar el veto a la Ley de Financiamiento Universitario.<\/p>\n<p>De acuerdo a un comunicado de prensa difundido el mi\u00e9rcoles, la medida de fuerza se lleva adelante &#8220;en todas las facultades y centros de salud dependientes de la UBA&#8221;. La decisi\u00f3n fue adoptada durante el mi\u00e9rcoles en conjunto con la Asociaci\u00f3n de Docentes de la UBA (ADUBA) y la Asociaci\u00f3n del Personal de la Universidad de Buenos Aires (APUBA), que nuclea a los trabajadores no docentes.<\/p>\n<p>Seg\u00fan indicaron, la medida de fuerza se lleva a cabo &#8220;ante la inflexibilidad del Gobierno nacional en torno a la cr\u00edtica situaci\u00f3n salarial de docentes y no docentes de las universidades p\u00fablicas y la amenaza de vetar la recientemente sancionada Ley de Financiamiento Universitario&#8221;.<\/p>\n<p>En referencia a la huelga, el secretario general de ADUBA, Emiliano Cagnacci, manifest\u00f3: &#8220;Nosotros queremos seguir estando en las aulas, tambi\u00e9n continuar haciendo investigaci\u00f3n y las actividades de extensi\u00f3n que realizamos en conjunto con los estudiantes&#8221;. &#8220;Por eso esperamos que el Gobierno no vete la Ley de Financiamiento Universitario, para poder continuar con nuestras actividades habituales y seguir siendo la mejor universidad de Iberoam\u00e9rica&#8221;, destac\u00f3 Cagnacci.<\/p>\n<p>Adem\u00e1s, el gremialista se\u00f1al\u00f3 que las autoridades nacionales contin\u00faan mostr\u00e1ndose &#8220;indiferentes&#8221; ante sus reclamos y &#8220;ahogando al sistema p\u00fablico universitario&#8221;. De esta manera, bajo la consigna &#8220;Sin salarios dignos, no hay Universidad de calidad&#8221;, la comunidad docente y no docente vuelve al paro, como ya lo hab\u00eda hecho el pasado 20 y 21 de agosto debido a la falta de acuerdo salarial.<\/p>\n","protected":false},"excerpt":{"rendered":"<p>Los trabajadores reclaman por mejoras salariales y piden frenar el veto a la Ley de Financiamiento Educativo. Se espera una marcha masiva el pr\u00f3ximo mi\u00e9rcoles 2 de octubre &nbsp; &nbsp; Ya comenz\u00f3 el paro universitario de 48 horas que encabeza personal docente y no docente en contra del ajuste del gobierno de Javier Milei. Entre los reclamos se encuentran las mejoras salariales como as\u00ed tambi\u00e9n el pedido de frenar el veto a la Ley de Financiamiento Universitario. De acuerdo a un comunicado de prensa difundido el mi\u00e9rcoles, la medida de&#8230;<\/p>\n","protected":false},"author":3,"featured_media":120410,"comment_status":"closed","ping_status":"closed","sticky":false,"template":"","format":"standard","meta":[],"categories":[2],"tags":[],"_links":{"self":[{"href":"https:\/\/www.actualidadadiario.com\/index.php\/wp-json\/wp\/v2\/posts\/120720"}],"collection":[{"href":"https:\/\/www.actualidadadiario.com\/index.php\/wp-json\/wp\/v2\/posts"}],"about":[{"href":"https:\/\/www.actualidadadiario.com\/index.php\/wp-json\/wp\/v2\/types\/post"}],"author":[{"embeddable":true,"href":"https:\/\/www.actualidadadiario.com\/index.php\/wp-json\/wp\/v2\/users\/3"}],"replies":[{"embeddable":true,"href":"https:\/\/www.actualidadadiario.com\/index.php\/wp-json\/wp\/v2\/comments?post=120720"}],"version-history":[{"count":1,"href":"https:\/\/www.actualidadadiario.com\/index.php\/wp-json\/wp\/v2\/posts\/120720\/revisions"}],"predecessor-version":[{"id":120721,"href":"https:\/\/www.actualidadadiario.com\/index.php\/wp-json\/wp\/v2\/posts\/120720\/revisions\/120721"}],"wp:featuredmedia":[{"embeddable":true,"href":"https:\/\/www.actualidadadiario.com\/index.php\/wp-json\/wp\/v2\/media\/120410"}],"wp:attachment":[{"href":"https:\/\/www.actualidadadiario.com\/index.php\/wp-json\/wp\/v2\/media?parent=120720"}],"wp:term":[{"taxonomy":"category","embeddable":true,"href":"https:\/\/www.actualidadadiario.com\/index.php\/wp-json\/wp\/v2\/categories?post=120720"},{"taxonomy":"post_tag","embeddable":true,"href":"https:\/\/www.actualidadadiario.com\/index.php\/wp-json\/wp\/v2\/tags?post=120720"}],"curies":[{"name":"wp","href":"https:\/\/api.w.org\/{rel}","templated":true}]}}