{"id":12072,"date":"2017-05-24T09:25:25","date_gmt":"2017-05-24T12:25:25","guid":{"rendered":"http:\/\/actualidadadiario.com\/site\/?p=12072"},"modified":"2017-05-24T09:26:37","modified_gmt":"2017-05-24T12:26:37","slug":"tarifas-electricas-en-corrientes-sufren-alza-del-55-en-un-ano","status":"publish","type":"post","link":"https:\/\/www.actualidadadiario.com\/index.php\/2017\/05\/24\/tarifas-electricas-en-corrientes-sufren-alza-del-55-en-un-ano\/","title":{"rendered":"Tarifas el\u00e9ctricas en Corrientes sufren alza del 55% en un a\u00f1o"},"content":{"rendered":"<p><em><strong>Colombi autoriz\u00f3 el incremento en l\u00ednea con la autorizaci\u00f3n del ministerio de Energ\u00eda de la Naci\u00f3n que en febrero pasado resolvi\u00f3 ajustar las tarifas<\/strong><\/em><\/p>\n<p>&nbsp;<\/p>\n<p>&nbsp;<\/p>\n<p>&nbsp;<\/p>\n<p>Las facturas de energ\u00eda el\u00e9ctrica en la provincia de Corrientes comenzaron a llegar a los usuarios con un nuevo ajuste del 30%, con lo que el aumento acumulado en lo que va de 2017 ya super\u00f3 el 55%.<\/p>\n<p>&nbsp;<\/p>\n<p>El nuevo incremento autorizado por la administraci\u00f3n del gobernador radical Ricardo Colombi a la Direcci\u00f3n Provincial de Energ\u00eda de Corrientes (DPEC) fue impreso en las facturas de abril que comenzaron a llegar en los \u00faltimos d\u00edas.<\/p>\n<p>&nbsp;<\/p>\n<p>Colombi autoriz\u00f3 el incremento en l\u00ednea con la autorizaci\u00f3n del ministerio de Energ\u00eda de la Naci\u00f3n que en febrero pasado resolvi\u00f3 ajustar las tarifas.<\/p>\n<p>&nbsp;<\/p>\n<p>El precio de la energ\u00eda en Corrientes acumul\u00f3 as\u00ed un incremento del 340% desde diciembre de 2015, es decir, en los \u00faltimos 18 meses, como consecuencia de la quita de subsidios nacionales dispuesta por el ministro Juan Jos\u00e9 Aranguren.<\/p>\n<p>&nbsp;<\/p>\n<p>En el caso de una familia tipo de la Capital correntina, que consume 310 kilovatios\/hora por mes, las facturas que vencer\u00e1n en la primera semana de junio llegaron con un incremento del 30,9 por ciento en relaci\u00f3n al pago de mayo, y marcaron un costo de 703 pesos mensuales.<\/p>\n","protected":false},"excerpt":{"rendered":"<p>Colombi autoriz\u00f3 el incremento en l\u00ednea con la autorizaci\u00f3n del ministerio de Energ\u00eda de la Naci\u00f3n que en febrero pasado resolvi\u00f3 ajustar las tarifas &nbsp; &nbsp; &nbsp; Las facturas de energ\u00eda el\u00e9ctrica en la provincia de Corrientes comenzaron a llegar a los usuarios con un nuevo ajuste del 30%, con lo que el aumento acumulado en lo que va de 2017 ya super\u00f3 el 55%. &nbsp; El nuevo incremento autorizado por la administraci\u00f3n del gobernador radical Ricardo Colombi a la Direcci\u00f3n Provincial de Energ\u00eda de Corrientes (DPEC) fue impreso en&#8230;<\/p>\n","protected":false},"author":3,"featured_media":12073,"comment_status":"closed","ping_status":"closed","sticky":false,"template":"","format":"standard","meta":[],"categories":[2],"tags":[],"_links":{"self":[{"href":"https:\/\/www.actualidadadiario.com\/index.php\/wp-json\/wp\/v2\/posts\/12072"}],"collection":[{"href":"https:\/\/www.actualidadadiario.com\/index.php\/wp-json\/wp\/v2\/posts"}],"about":[{"href":"https:\/\/www.actualidadadiario.com\/index.php\/wp-json\/wp\/v2\/types\/post"}],"author":[{"embeddable":true,"href":"https:\/\/www.actualidadadiario.com\/index.php\/wp-json\/wp\/v2\/users\/3"}],"replies":[{"embeddable":true,"href":"https:\/\/www.actualidadadiario.com\/index.php\/wp-json\/wp\/v2\/comments?post=12072"}],"version-history":[{"count":1,"href":"https:\/\/www.actualidadadiario.com\/index.php\/wp-json\/wp\/v2\/posts\/12072\/revisions"}],"predecessor-version":[{"id":12074,"href":"https:\/\/www.actualidadadiario.com\/index.php\/wp-json\/wp\/v2\/posts\/12072\/revisions\/12074"}],"wp:featuredmedia":[{"embeddable":true,"href":"https:\/\/www.actualidadadiario.com\/index.php\/wp-json\/wp\/v2\/media\/12073"}],"wp:attachment":[{"href":"https:\/\/www.actualidadadiario.com\/index.php\/wp-json\/wp\/v2\/media?parent=12072"}],"wp:term":[{"taxonomy":"category","embeddable":true,"href":"https:\/\/www.actualidadadiario.com\/index.php\/wp-json\/wp\/v2\/categories?post=12072"},{"taxonomy":"post_tag","embeddable":true,"href":"https:\/\/www.actualidadadiario.com\/index.php\/wp-json\/wp\/v2\/tags?post=12072"}],"curies":[{"name":"wp","href":"https:\/\/api.w.org\/{rel}","templated":true}]}}