{"id":120718,"date":"2024-09-26T12:07:50","date_gmt":"2024-09-26T15:07:50","guid":{"rendered":"https:\/\/www.actualidadadiario.com\/?p=120718"},"modified":"2024-09-26T12:07:50","modified_gmt":"2024-09-26T15:07:50","slug":"la-actividad-economica-cayo-13-interanual-en-julio-y-crecieron-solamente-el-agro-y-la-mineria","status":"publish","type":"post","link":"https:\/\/www.actualidadadiario.com\/index.php\/2024\/09\/26\/la-actividad-economica-cayo-13-interanual-en-julio-y-crecieron-solamente-el-agro-y-la-mineria\/","title":{"rendered":"La actividad econ\u00f3mica cay\u00f3 1,3% interanual en julio y crecieron solamente el agro y la miner\u00eda"},"content":{"rendered":"<p style=\"text-align: center;\"><em><strong>Seg\u00fan el Estimador Mensual de Actividad Econ\u00f3mica (EMAE) se mantiene la retracci\u00f3n en la industria. En el indicador desestacionalizado, se registr\u00f3 un crecimiento del 1,7% con respecto a junio<\/strong><\/em><\/p>\n<p>&nbsp;<\/p>\n<p>&nbsp;<\/p>\n<p>El Estimador Mensual de Actividad Econ\u00f3mica (EMAE) registr\u00f3 en julio una ca\u00edda de 1,3% en la comparaci\u00f3n con el mismo mes del a\u00f1o pasado y un incremento de 1,7% respecto a junio en la medici\u00f3n desestacionalizada.<\/p>\n<p>En el c\u00f3mputo interanual, la agricultura y la miner\u00eda fueron las \u00fanicas actividades que registraron crecimientos importantes en el mes, del 23,6% en el primer caso y del 5,7% en el segundo. Tambi\u00e9n hubo subas marginales en Transporte y comunicaciones, Ense\u00f1anza y Electricidad, gas y agua.<\/p>\n<p>Por su parte, diez sectores econ\u00f3micos de actividad mostraron ca\u00eddas en la comparaci\u00f3n interanual, entre los que se destacan Construcci\u00f3n (-14,8% ia) y Pesca (-9,9% ia), Industria manufacturera (-5,6% ia) y Comercio mayorista, minorista y reparaciones (-5,3% ia).<\/p>\n<p>Tambi\u00e9n hubo retracci\u00f3n, aunque en menor medida, en otros segmentos como Hoteles y restaurantes, Servicios comunitarios, Intermediaci\u00f3n financiera, Impuestos netos de subsidios, Actividades inmobiliarias, empresariales y de alquiler.<\/p>\n<p>El EMAE de julio es el primer dato oficial sobre la actividad econ\u00f3mica de la segunda mitad del a\u00f1o. Pocos d\u00edas atr\u00e1s, el Indec inform\u00f3 que en el primer semestre de 2024 el Producto Bruto Interno (PBI) se redujo un 3,4% en coincidencia con el inicio de la gesti\u00f3n de Javier Milei. El resultado es consecuencia de una ca\u00edda del 5,2% registrada en los primeros tres meses del a\u00f1o y de una baja del 1,7% en el segundo trimestre.<\/p>\n<p>Seg\u00fan el proyecto de Presupuesto 2025 enviado al Congreso, el Gobierno espera una retracci\u00f3n en la econom\u00eda del 3,8% para el a\u00f1o calendario 2024. La proyecci\u00f3n oficial indica que el a\u00f1o pr\u00f3ximo la recuperaci\u00f3n econ\u00f3mica derivar\u00e1 en un crecimiento del 5 por ciento.<\/p>\n<p>Seg\u00fan el Banco Mundial, el Fondo Monetario Internacional, Cepal y BBVA, el Producto Interno Bruto (PIB) argentino caer\u00e1 un 3,2% durante este a\u00f1o.<\/p>\n","protected":false},"excerpt":{"rendered":"<p>Seg\u00fan el Estimador Mensual de Actividad Econ\u00f3mica (EMAE) se mantiene la retracci\u00f3n en la industria. En el indicador desestacionalizado, se registr\u00f3 un crecimiento del 1,7% con respecto a junio &nbsp; &nbsp; El Estimador Mensual de Actividad Econ\u00f3mica (EMAE) registr\u00f3 en julio una ca\u00edda de 1,3% en la comparaci\u00f3n con el mismo mes del a\u00f1o pasado y un incremento de 1,7% respecto a junio en la medici\u00f3n desestacionalizada. En el c\u00f3mputo interanual, la agricultura y la miner\u00eda fueron las \u00fanicas actividades que registraron crecimientos importantes en el mes, del 23,6% en&#8230;<\/p>\n","protected":false},"author":3,"featured_media":117625,"comment_status":"closed","ping_status":"closed","sticky":false,"template":"","format":"standard","meta":[],"categories":[2],"tags":[],"_links":{"self":[{"href":"https:\/\/www.actualidadadiario.com\/index.php\/wp-json\/wp\/v2\/posts\/120718"}],"collection":[{"href":"https:\/\/www.actualidadadiario.com\/index.php\/wp-json\/wp\/v2\/posts"}],"about":[{"href":"https:\/\/www.actualidadadiario.com\/index.php\/wp-json\/wp\/v2\/types\/post"}],"author":[{"embeddable":true,"href":"https:\/\/www.actualidadadiario.com\/index.php\/wp-json\/wp\/v2\/users\/3"}],"replies":[{"embeddable":true,"href":"https:\/\/www.actualidadadiario.com\/index.php\/wp-json\/wp\/v2\/comments?post=120718"}],"version-history":[{"count":1,"href":"https:\/\/www.actualidadadiario.com\/index.php\/wp-json\/wp\/v2\/posts\/120718\/revisions"}],"predecessor-version":[{"id":120719,"href":"https:\/\/www.actualidadadiario.com\/index.php\/wp-json\/wp\/v2\/posts\/120718\/revisions\/120719"}],"wp:featuredmedia":[{"embeddable":true,"href":"https:\/\/www.actualidadadiario.com\/index.php\/wp-json\/wp\/v2\/media\/117625"}],"wp:attachment":[{"href":"https:\/\/www.actualidadadiario.com\/index.php\/wp-json\/wp\/v2\/media?parent=120718"}],"wp:term":[{"taxonomy":"category","embeddable":true,"href":"https:\/\/www.actualidadadiario.com\/index.php\/wp-json\/wp\/v2\/categories?post=120718"},{"taxonomy":"post_tag","embeddable":true,"href":"https:\/\/www.actualidadadiario.com\/index.php\/wp-json\/wp\/v2\/tags?post=120718"}],"curies":[{"name":"wp","href":"https:\/\/api.w.org\/{rel}","templated":true}]}}