{"id":120707,"date":"2024-09-26T11:19:19","date_gmt":"2024-09-26T14:19:19","guid":{"rendered":"https:\/\/www.actualidadadiario.com\/?p=120707"},"modified":"2024-09-26T11:19:19","modified_gmt":"2024-09-26T14:19:19","slug":"entre-rios-busca-situarse-como-uno-de-los-destinos-predilectos-este-verano","status":"publish","type":"post","link":"https:\/\/www.actualidadadiario.com\/index.php\/2024\/09\/26\/entre-rios-busca-situarse-como-uno-de-los-destinos-predilectos-este-verano\/","title":{"rendered":"Entre R\u00edos busca situarse como uno de los destinos predilectos este verano"},"content":{"rendered":"<p style=\"text-align: center;\"><em><strong>Entre R\u00edos estar\u00e1 presente en la FIT este fin de semana mostrando sus atractivos, de cara a lo que resta del a\u00f1o y a la temporada estival<\/strong><\/em><\/p>\n<p>&nbsp;<\/p>\n<p>&nbsp;<\/p>\n<p>Tras la sensaci\u00f3n amarga que dejaron las vacaciones de invierno, en la que a nivel nacional la ocupaci\u00f3n hotelera cay\u00f3 11,7% con respecto a 2023 \u2013seg\u00fan los datos difundidos esta semana por el Instituto Nacional de Estad\u00edsticas y Censos (INDEC)\u2013, el sector tur\u00edstico en Entre R\u00edos apuesta a situarse como uno de los destinos predilectos en lo que resta del a\u00f1o y de cara a la temporada estival. Y tiene con qu\u00e9: playas y balnearios, termas, parques acu\u00e1ticos, naturaleza e historia, y una agenda cargada de grandes eventos y fiestas tradicionales forman parte de un amplio abanico de propuestas que suelen generar gran inter\u00e9s; adem\u00e1s de estar ubicada en un punto geogr\u00e1fico estrat\u00e9gico, muy cerca de las provincias de Buenos Aires, Santa Fe y C\u00f3rdoba, que aportan la mayor cantidad de visitantes.<\/p>\n<p>En este marco, la Feria Internacional de Turismo de Am\u00e9rica Latina (FIT) ser\u00e1 una gran oportunidad para mostrar todo lo que los destinos regionales tienen para ofrecer. Este megaevento comenzar\u00e1 el s\u00e1bado en el Predio Ferial de La Rural, en Buenos Aires, y tanto ese d\u00eda como el domingo estar\u00e1 abierta al p\u00fablico general que quiera conocer los productos de todas las provincias argentinas, junto a una vasta cantidad de pa\u00edses que participan mostrando sus atractivos. Habr\u00e1 m\u00e1s de 1.700 expositores en esta muestra, considerada como una de las cinco m\u00e1s importantes del mundo y la m\u00e1s destacada de la regi\u00f3n. En tanto, el lunes y el martes ser\u00e1n exclusivos para profesionales del sector tur\u00edstico.<\/p>\n<p>Entre R\u00edos estar\u00e1 presente con un stand oficial, exponiendo la gran variedad de productos y posibilidades con que cuenta para recibir a los visitantes, y en este espacio tendr\u00e1 por primera vez un lugar propio la C\u00e1mara Entrerriana de Turismo (CET), integrada por instituciones y socios privados de 23 destinos, que impulsan y potencian la actividad para que siga creciendo y posicion\u00e1ndose durante todo el a\u00f1o.<\/p>\n<p>\u201cLa FIT 2024 se consolida como un escenario de excelencia para aquellos que buscan expandir sus horizontes comerciales en la industria tur\u00edstica. Es el encuentro id\u00f3neo para establecer valiosos contactos con clientes actuales y potenciales, identificar y atraer nuevos distribuidores, expandir horizontes a mercados emergentes y mantenerse al d\u00eda con las \u00faltimas tendencias del sector\u201d, indican desde el sitio web del evento, y al respecto Juan Manuel Acedo, presidente de la CET, se\u00f1al\u00f3: \u201cEsperamos gran concurrencia. Estamos cerca de la temporada estival y necesitamos que se visibilicen todos los atractivos que tenemos en la provincia. Este a\u00f1o justamente la C\u00e1mara va con un escritorio dentro del stand de Entre R\u00edos, y vamos a aportar al stand de la provincia la presentaci\u00f3n del chef de Col\u00f3n C\u00e9sar Lizarraga, que har\u00e1 dos masterclass y una degustaci\u00f3n para aproximadamente 200 personas con productos t\u00edpicos. Tambi\u00e9n llevamos premios para sortear: estad\u00edas, entradas a las termas, jornadas de pesca guiada y dem\u00e1s. Vamos a hacer m\u00e1s de 30 sorteos los dos d\u00edas principales, y habr\u00e1 adem\u00e1s un sinf\u00edn de productos regionales que han aportado los socios para regalar. As\u00ed que creemos que vamos a tener un muy buen desempe\u00f1o\u201d.<\/p>\n<p>&nbsp;<\/p>\n<p><strong>Participaci\u00f3n de Entre R\u00edos<\/strong><\/p>\n<p>Los stands van a estar distribuidos por regiones, y sobre este punto Acedo subray\u00f3: \u201cCreo que es una muy buena decisi\u00f3n, porque se van a poder mostrar de una manera m\u00e1s precisa los atractivos que tiene la provincia en cada una de sus microrregiones, con todo lo que tenemos para ofrecer, y que la gente se entere de todas estas posibilidades a trav\u00e9s de folletos, siempre cuidando el ambiente, y tambi\u00e9n por las redes, las p\u00e1ginas web y los mensajes promocionales directos. Hay productos regionales t\u00edpicos de cada sector y muchos son espec\u00edficos de algunas zonas, y es lo que queremos mostrar, al igual que nuestros complejos termales y la diversidad de alojamientos en cada regi\u00f3n\u201d.<\/p>\n<p>Para esto, desde la CET tambi\u00e9n realizaron un video especial donde comparten todos los atractivos que tienen cada una de las localidades. \u201cEs algo nuevo y actualizado. Se va a estar estrenando en el evento, y luego se va a hacer masivo en nuestras redes de promoci\u00f3n y en nuestra p\u00e1gina www.destinoentrerios.com, o Destino Entre R\u00edos en Instagram y en Facebook\u201d, indic\u00f3 el dirigente.<\/p>\n<p>&nbsp;<\/p>\n<p><strong>Potenciales visitantes<\/strong><\/p>\n<p>Por otra parte, coment\u00f3 que entre el p\u00fablico se esperan muchas familias, que van con la intenci\u00f3n de conocer o interiorizarse sobre qu\u00e9 es lo que van a encontrar en cada una de las provincias, e incluso en otros pa\u00edses tambi\u00e9n, ya que es una feria internacional. \u201cAdem\u00e1s hay grupos de amigos que buscan encontrar su lugar para disfrutar de unas vacaciones o alguna escapada, y ah\u00ed tiene que estar la capacidad del prestador de servicios y de las instituciones intermedias compuestas por el sector privado para captar a ese potencial turista e invitarlo para que nos visite en la temporada\u201d, sostuvo Acedo.<\/p>\n<p>&nbsp;<\/p>\n<p><strong>Pr\u00f3ximo finde largo<\/strong><\/p>\n<p>Consultado sobre las expectativas frente al pr\u00f3ximo fin de semana largo, que se extender\u00e1 del 11 al 13 de octubre, el presidente de la CET analiz\u00f3: \u201cEstimamos que todo lo que se logre de aqu\u00ed en adelante va a ser gracias al trabajo que podamos desarrollar ahora en la FIT, junto con las promociones que ya se est\u00e1n realizando para la pr\u00f3xima temporada de verano. Creo que el resultado de este trabajo ya se va a ver reflejado a partir del pr\u00f3ximo fin de largo, al que esperamos con muchas ansias, porque la verdad es que estos \u00faltimos dos meses han sido un poco dif\u00edciles para el sector tur\u00edstico\u201d.<\/p>\n<p>Sobre este punto, concluy\u00f3: \u201cSi bien vemos que la situaci\u00f3n general a nivel nacional se est\u00e1 estabilizando, a\u00fan no ha impactado esta mejora en nuestro sector, y esperamos que eso pueda llegar a pasar en los pr\u00f3ximos meses. Somos conscientes de que la situaci\u00f3n est\u00e1 complicada, pero tambi\u00e9n pensamos en que podemos llegar a tener una temporada exitosa, haciendo un gran esfuerzo de parte del sector privado, y este pr\u00f3ximo fin de semana largo nos va a permitir medir la respuesta del turismo. Nuestras expectativas es que sea positiva\u201d.<\/p>\n","protected":false},"excerpt":{"rendered":"<p>Entre R\u00edos estar\u00e1 presente en la FIT este fin de semana mostrando sus atractivos, de cara a lo que resta del a\u00f1o y a la temporada estival &nbsp; &nbsp; Tras la sensaci\u00f3n amarga que dejaron las vacaciones de invierno, en la que a nivel nacional la ocupaci\u00f3n hotelera cay\u00f3 11,7% con respecto a 2023 \u2013seg\u00fan los datos difundidos esta semana por el Instituto Nacional de Estad\u00edsticas y Censos (INDEC)\u2013, el sector tur\u00edstico en Entre R\u00edos apuesta a situarse como uno de los destinos predilectos en lo que resta del a\u00f1o&#8230;<\/p>\n","protected":false},"author":3,"featured_media":120708,"comment_status":"closed","ping_status":"closed","sticky":false,"template":"","format":"standard","meta":[],"categories":[15],"tags":[],"_links":{"self":[{"href":"https:\/\/www.actualidadadiario.com\/index.php\/wp-json\/wp\/v2\/posts\/120707"}],"collection":[{"href":"https:\/\/www.actualidadadiario.com\/index.php\/wp-json\/wp\/v2\/posts"}],"about":[{"href":"https:\/\/www.actualidadadiario.com\/index.php\/wp-json\/wp\/v2\/types\/post"}],"author":[{"embeddable":true,"href":"https:\/\/www.actualidadadiario.com\/index.php\/wp-json\/wp\/v2\/users\/3"}],"replies":[{"embeddable":true,"href":"https:\/\/www.actualidadadiario.com\/index.php\/wp-json\/wp\/v2\/comments?post=120707"}],"version-history":[{"count":1,"href":"https:\/\/www.actualidadadiario.com\/index.php\/wp-json\/wp\/v2\/posts\/120707\/revisions"}],"predecessor-version":[{"id":120709,"href":"https:\/\/www.actualidadadiario.com\/index.php\/wp-json\/wp\/v2\/posts\/120707\/revisions\/120709"}],"wp:featuredmedia":[{"embeddable":true,"href":"https:\/\/www.actualidadadiario.com\/index.php\/wp-json\/wp\/v2\/media\/120708"}],"wp:attachment":[{"href":"https:\/\/www.actualidadadiario.com\/index.php\/wp-json\/wp\/v2\/media?parent=120707"}],"wp:term":[{"taxonomy":"category","embeddable":true,"href":"https:\/\/www.actualidadadiario.com\/index.php\/wp-json\/wp\/v2\/categories?post=120707"},{"taxonomy":"post_tag","embeddable":true,"href":"https:\/\/www.actualidadadiario.com\/index.php\/wp-json\/wp\/v2\/tags?post=120707"}],"curies":[{"name":"wp","href":"https:\/\/api.w.org\/{rel}","templated":true}]}}