{"id":120704,"date":"2024-09-26T11:18:03","date_gmt":"2024-09-26T14:18:03","guid":{"rendered":"https:\/\/www.actualidadadiario.com\/?p=120704"},"modified":"2024-09-26T11:18:03","modified_gmt":"2024-09-26T14:18:03","slug":"el-cge-implementara-un-relevamiento-de-prestacion-de-servicios-en-establecimientos-educativos","status":"publish","type":"post","link":"https:\/\/www.actualidadadiario.com\/index.php\/2024\/09\/26\/el-cge-implementara-un-relevamiento-de-prestacion-de-servicios-en-establecimientos-educativos\/","title":{"rendered":"El CGE implementar\u00e1 un relevamiento de prestaci\u00f3n de servicios en establecimientos educativos"},"content":{"rendered":"<p style=\"text-align: center;\"><em><strong>El Consejo General de Educaci\u00f3n (CGE) llevar\u00e1 a cabo un relevamiento mensual sobre la prestaci\u00f3n de servicios docentes y no docentes en las instituciones educativas de la provincia, tanto p\u00fablicas como privadas. Esta iniciativa se llevar\u00e1 a cabo mediante un formulario individual y personal en el Sistema de Administraci\u00f3n de la Gesti\u00f3n Educativa (SAGE)<\/strong><\/em><\/p>\n<p>&nbsp;<\/p>\n<p>&nbsp;<\/p>\n<p>El objetivo del relevamiento es dise\u00f1ar pol\u00edticas p\u00fablicas que mejoren los procesos de ense\u00f1anza y aprendizaje, reduzcan la brecha educativa y contribuyan a una sociedad m\u00e1s justa y equitativa. El mismo se centrar\u00e1 en obtener datos que faciliten la implementaci\u00f3n de propuestas que favorezcan la continuidad de las trayectorias pedag\u00f3gicas de los estudiantes. As\u00ed mismo, la informaci\u00f3n recopilada ser\u00e1 contrastada con los datos existentes en SAGE para mejorar la gesti\u00f3n de recursos humanos.<\/p>\n<p>El relevamiento abarcar\u00e1 a todo el personal que se encuentre en funciones activas en instituciones educativas tanto p\u00fablicas como de gesti\u00f3n privada de la provincia. Esta actividad se realizar\u00e1 durante un a\u00f1o calendario, con posibilidad de pr\u00f3rroga, a partir de la entrada en vigencia de la norma legal. Los mismos se llevar\u00e1n a cabo mensualmente, con frecuencia ajustable seg\u00fan las necesidades y a criterio de la autoridad educativa. Las fechas espec\u00edficas y plazos para la presentaci\u00f3n de formularios ser\u00e1n comunicados con al menos 24 horas de anticipaci\u00f3n.<\/p>\n<p>El formulario tendr\u00e1 car\u00e1cter de declaraci\u00f3n jurada y su presentaci\u00f3n ser\u00e1 obligatoria. En caso de que un agente no complete el formulario en el plazo estipulado, se presumir\u00e1 que \u00e9ste no prest\u00f3 servicios en el establecimiento educativo durante el d\u00eda y en la oportunidad correspondiente.<\/p>\n<p>Los docentes que enfrenten inconvenientes para completar el formulario en SAGE, deber\u00e1n informar por v\u00eda jer\u00e1rquica y por escrito a su establecimiento, adjuntando la documentaci\u00f3n que respalde su situaci\u00f3n, dentro de las 48 horas posteriores a la finalizaci\u00f3n del relevamiento.<\/p>\n","protected":false},"excerpt":{"rendered":"<p>El Consejo General de Educaci\u00f3n (CGE) llevar\u00e1 a cabo un relevamiento mensual sobre la prestaci\u00f3n de servicios docentes y no docentes en las instituciones educativas de la provincia, tanto p\u00fablicas como privadas. Esta iniciativa se llevar\u00e1 a cabo mediante un formulario individual y personal en el Sistema de Administraci\u00f3n de la Gesti\u00f3n Educativa (SAGE) &nbsp; &nbsp; El objetivo del relevamiento es dise\u00f1ar pol\u00edticas p\u00fablicas que mejoren los procesos de ense\u00f1anza y aprendizaje, reduzcan la brecha educativa y contribuyan a una sociedad m\u00e1s justa y equitativa. El mismo se centrar\u00e1 en&#8230;<\/p>\n","protected":false},"author":3,"featured_media":120705,"comment_status":"closed","ping_status":"closed","sticky":false,"template":"","format":"standard","meta":[],"categories":[15],"tags":[],"_links":{"self":[{"href":"https:\/\/www.actualidadadiario.com\/index.php\/wp-json\/wp\/v2\/posts\/120704"}],"collection":[{"href":"https:\/\/www.actualidadadiario.com\/index.php\/wp-json\/wp\/v2\/posts"}],"about":[{"href":"https:\/\/www.actualidadadiario.com\/index.php\/wp-json\/wp\/v2\/types\/post"}],"author":[{"embeddable":true,"href":"https:\/\/www.actualidadadiario.com\/index.php\/wp-json\/wp\/v2\/users\/3"}],"replies":[{"embeddable":true,"href":"https:\/\/www.actualidadadiario.com\/index.php\/wp-json\/wp\/v2\/comments?post=120704"}],"version-history":[{"count":1,"href":"https:\/\/www.actualidadadiario.com\/index.php\/wp-json\/wp\/v2\/posts\/120704\/revisions"}],"predecessor-version":[{"id":120706,"href":"https:\/\/www.actualidadadiario.com\/index.php\/wp-json\/wp\/v2\/posts\/120704\/revisions\/120706"}],"wp:featuredmedia":[{"embeddable":true,"href":"https:\/\/www.actualidadadiario.com\/index.php\/wp-json\/wp\/v2\/media\/120705"}],"wp:attachment":[{"href":"https:\/\/www.actualidadadiario.com\/index.php\/wp-json\/wp\/v2\/media?parent=120704"}],"wp:term":[{"taxonomy":"category","embeddable":true,"href":"https:\/\/www.actualidadadiario.com\/index.php\/wp-json\/wp\/v2\/categories?post=120704"},{"taxonomy":"post_tag","embeddable":true,"href":"https:\/\/www.actualidadadiario.com\/index.php\/wp-json\/wp\/v2\/tags?post=120704"}],"curies":[{"name":"wp","href":"https:\/\/api.w.org\/{rel}","templated":true}]}}