{"id":120702,"date":"2024-09-26T11:16:46","date_gmt":"2024-09-26T14:16:46","guid":{"rendered":"https:\/\/www.actualidadadiario.com\/?p=120702"},"modified":"2024-09-26T11:16:46","modified_gmt":"2024-09-26T14:16:46","slug":"en-lo-que-va-del-ano-el-gobierno-provincial-incremento-un-900-la-partida-alimentaria","status":"publish","type":"post","link":"https:\/\/www.actualidadadiario.com\/index.php\/2024\/09\/26\/en-lo-que-va-del-ano-el-gobierno-provincial-incremento-un-900-la-partida-alimentaria\/","title":{"rendered":"En lo que va del a\u00f1o el Gobierno provincial increment\u00f3 un 900% la partida alimentaria"},"content":{"rendered":"<p style=\"text-align: center;\"><em><strong>Se realiz\u00f3 una nueva reuni\u00f3n de la Mesa de Di\u00e1logo Social en la que se abordaron las pol\u00edticas p\u00fablicas de seguridad alimentaria. En ese marco se supo que se increment\u00f3 el 900 % la partida en lo que va del a\u00f1o, y que cada m\u00f3dulo alimentario cuenta con 12 productos, previendo agregar dos m\u00e1s. La distribuci\u00f3n se regula seg\u00fan el criterio de cada municipio, comunas y juntas de gobierno<\/strong><\/em><\/p>\n<p>&nbsp;<\/p>\n<p>&nbsp;<\/p>\n<p>&nbsp;<\/p>\n<p>La mesa es un \u00e1mbito creado en el marco de la Ley de Emergencia Alimentaria provincial, donde participan representantes de los ministerios de Desarrollo Humano y de Salud, de las c\u00e1maras de Senadores y Diputados, de la Universidad Nacional de Entre R\u00edos y de la Universidad Aut\u00f3noma de Entre R\u00edos y organizaciones sociales.<\/p>\n<p>Al hacer un balance del encuentro desarrollado este martes, el secretario de Articulaci\u00f3n de Pol\u00edtica Social del Ministerio de Desarrollo Humano, Ricardo Vales, indic\u00f3 que el objetivo es tener un diagn\u00f3stico a partir de &#8220;una mirada y abordaje en conjunto&#8221; y se\u00f1al\u00f3 que &#8220;la tarea que llevamos a cabo es asistir a los gobiernos locales en los que tienen que ver con m\u00f3dulos alimentarios&#8221;.<\/p>\n<p>Precis\u00f3 luego que &#8220;desde la Secretar\u00eda de Articulaci\u00f3n de Pol\u00edtica Social del Ministerio de Desarrollo Humano se entregaron m\u00e1s de 67.000 m\u00f3dulos alimentarios desde el inicio de gesti\u00f3n. Se entregaron 28.000 en la \u00faltima entrega&#8221;, acot\u00f3.<\/p>\n<p>&#8220;Estuvimos explicando la forma en que lo hacemos. Hay un correo oficial en el cual cada una de las autoridades locales nos hacen el pedido, nos dice cu\u00e1les son las necesidades y nosotros a trav\u00e9s del sistema de stock, que es monitoreado, enviamos esas solicitudes a cada una de las comunas, juntas de gobierno y municipios. Coordinamos tambi\u00e9n con organizaciones sociales que trabajan en comedores y merenderos y con ellos se viene articulando el relevamiento del funcionamiento y se los asiste tambi\u00e9n en cada uno de los barrios de las ciudades&#8221;, explic\u00f3.<\/p>\n<p>En ese marco, se brind\u00f3 precisiones tambi\u00e9n sobre la ampliaci\u00f3n de partidas. &#8220;En 2024 cont\u00e1bamos con una partida de 400 millones de pesos que hab\u00eda quedado absolutamente exigua para la realidad que hoy nos est\u00e1 tocando en la provincia. El gobernador, con el pedido de emergencia alimentaria, nos permiti\u00f3 hoy una ampliaci\u00f3n a solicitud de Ver\u00f3nica Beriso de 3.556 millones de pesos de ampliaci\u00f3n de partida con lo cual es m\u00e1s de un 900 por ciento de la partida que ten\u00edamos para este a\u00f1o&#8221;.<\/p>\n<p>En relaci\u00f3n a la modalidad de distribuci\u00f3n, el funcionario sostuvo: &#8220;Entendemos a las pol\u00edticas p\u00fablicas de seguridad alimentaria como una responsabilidad del Estado en su conjunto. Gobiernos locales, provinciales y nacionales. Quien mejor conoce cu\u00e1les son las necesidades, prioridades y urgencias de sus comunidades son los gobiernos locales. Por ello la distribuci\u00f3n de los recursos provinciales se realiza de manera institucional por parte del gobierno provincial a las autoridades locales, quienes distribuyen dichos recursos. En este razonamiento es que se fomenta la creaci\u00f3n de las mesas de di\u00e1logo social en cada localidad\u201d.<\/p>\n","protected":false},"excerpt":{"rendered":"<p>Se realiz\u00f3 una nueva reuni\u00f3n de la Mesa de Di\u00e1logo Social en la que se abordaron las pol\u00edticas p\u00fablicas de seguridad alimentaria. En ese marco se supo que se increment\u00f3 el 900 % la partida en lo que va del a\u00f1o, y que cada m\u00f3dulo alimentario cuenta con 12 productos, previendo agregar dos m\u00e1s. La distribuci\u00f3n se regula seg\u00fan el criterio de cada municipio, comunas y juntas de gobierno &nbsp; &nbsp; &nbsp; La mesa es un \u00e1mbito creado en el marco de la Ley de Emergencia Alimentaria provincial, donde participan&#8230;<\/p>\n","protected":false},"author":3,"featured_media":117605,"comment_status":"closed","ping_status":"closed","sticky":false,"template":"","format":"standard","meta":[],"categories":[9],"tags":[],"_links":{"self":[{"href":"https:\/\/www.actualidadadiario.com\/index.php\/wp-json\/wp\/v2\/posts\/120702"}],"collection":[{"href":"https:\/\/www.actualidadadiario.com\/index.php\/wp-json\/wp\/v2\/posts"}],"about":[{"href":"https:\/\/www.actualidadadiario.com\/index.php\/wp-json\/wp\/v2\/types\/post"}],"author":[{"embeddable":true,"href":"https:\/\/www.actualidadadiario.com\/index.php\/wp-json\/wp\/v2\/users\/3"}],"replies":[{"embeddable":true,"href":"https:\/\/www.actualidadadiario.com\/index.php\/wp-json\/wp\/v2\/comments?post=120702"}],"version-history":[{"count":1,"href":"https:\/\/www.actualidadadiario.com\/index.php\/wp-json\/wp\/v2\/posts\/120702\/revisions"}],"predecessor-version":[{"id":120703,"href":"https:\/\/www.actualidadadiario.com\/index.php\/wp-json\/wp\/v2\/posts\/120702\/revisions\/120703"}],"wp:featuredmedia":[{"embeddable":true,"href":"https:\/\/www.actualidadadiario.com\/index.php\/wp-json\/wp\/v2\/media\/117605"}],"wp:attachment":[{"href":"https:\/\/www.actualidadadiario.com\/index.php\/wp-json\/wp\/v2\/media?parent=120702"}],"wp:term":[{"taxonomy":"category","embeddable":true,"href":"https:\/\/www.actualidadadiario.com\/index.php\/wp-json\/wp\/v2\/categories?post=120702"},{"taxonomy":"post_tag","embeddable":true,"href":"https:\/\/www.actualidadadiario.com\/index.php\/wp-json\/wp\/v2\/tags?post=120702"}],"curies":[{"name":"wp","href":"https:\/\/api.w.org\/{rel}","templated":true}]}}