{"id":120696,"date":"2024-09-26T11:14:43","date_gmt":"2024-09-26T14:14:43","guid":{"rendered":"https:\/\/www.actualidadadiario.com\/?p=120696"},"modified":"2024-09-26T11:14:43","modified_gmt":"2024-09-26T14:14:43","slug":"agmer-definio-la-fecha-de-la-marcha-provincial","status":"publish","type":"post","link":"https:\/\/www.actualidadadiario.com\/index.php\/2024\/09\/26\/agmer-definio-la-fecha-de-la-marcha-provincial\/","title":{"rendered":"Agmer defini\u00f3 la fecha de la marcha provincial"},"content":{"rendered":"<p style=\"text-align: center;\"><em><strong>La Asociaci\u00f3n Gremial del Magisterio de Entre R\u00edos (Agmer) le puso fecha a la movilizaci\u00f3n que vot\u00f3 el congreso de la entidad, que sesion\u00f3 el jueves 19 en Villaguay, y le dio la espalda a la ante\u00faltima oferta salarial del Gobierno: ser\u00e1 el martes 1\u00b0. En esa instancia, se votaron cinco d\u00edas de huelga: este mi\u00e9rcoles y jueves, y los d\u00edas 1\u00b0, 2 y 3 de octubre. Esa tesitura gremial no vari\u00f3 luego de la \u00faltima oferta salarial que present\u00f3 el Gobierno en la mesa de conciliaci\u00f3n judicial, el viernes 20, que tambi\u00e9n fue rechazada<\/strong><\/em><\/p>\n<p>&nbsp;<\/p>\n<p>&nbsp;<\/p>\n<p>En ese marco, este martes el gobernador Rogelio Frigerio anunci\u00f3 que la propuesta salarial se pagar\u00eda por decreto, por planilla complementaria, luego de que concluya el cronograma de septiembre. Tambi\u00e9n anticip\u00f3 que habr\u00e1 un Fondo de Incentivo m\u00e1s adicional por Conectividad que se pagar\u00e1 con fondos provinciales, aunque resta conocer cu\u00e1l ser\u00e1 el monto. Tambi\u00e9n de qu\u00e9 modo se instrumentar\u00e1 la declaraci\u00f3n jurada que se har\u00e1 firmar a los docentes que asistan a clases en d\u00edas de huelga.<\/p>\n<p>En el congreso de Villaguay Agmer rechaz\u00f3 la propuesta salarial presentada el pasado mi\u00e9rcoles 17 de septiembre por el Gobierno, declar\u00e1ndola insuficiente y distorsiva.<\/p>\n<p>Entonces, exigi\u00f3 al Gobierno una pauta salarial que \u00abrepare la p\u00e9rdida de poder adquisitivo de las y los trabajadores de la educaci\u00f3n\u00bb.<\/p>\n<p>El mi\u00e9rcoles 17 el Gobierno present\u00f3 a los sindicatos docentes una propuesta de recomposici\u00f3n salarial para el segundo semestre que podr\u00eda destrabar una negociaci\u00f3n que arranc\u00f3 el \u00faltimo 19 de julio. Fue en el marco de la conciliaci\u00f3n judicial que se inici\u00f3 el 22 de agosto. Aunque la oferta no incluye la instrumentaci\u00f3n de un Fondo de Incentivo con recursos provinciales -se pag\u00f3, hasta diciembre, con fondos nacionales, pero la administraci\u00f3n del presidente Javier Milei cort\u00f3 el env\u00edo de fondos a las provincias- ni tampoco la restituci\u00f3n del adicional por Conectividad -en conjunto representaban, hasta diciembre, $28.700- lo ofrecido fue recibido con optimismo.<\/p>\n<p>Despu\u00e9s de tres sucesivas propuestas salariales rechazadas, la aplicaci\u00f3n de siete jornadas de huelga durante agosto y la judicializaci\u00f3n del conflicto, el Poder Ejecutivo present\u00f3 una propuesta que podr\u00eda encarrilar la negociaci\u00f3n. La administraci\u00f3n del gobernador Rogelio Frigerio ofreci\u00f3:<\/p>\n<ul>\n<li>Un aumento para los meses de septiembre, octubre, noviembre y diciembre de 2024 igual al \u00edndice de precios al consumidor (IPC) que publica el Instituto Nacional de Estad\u00edstica y Censos (Indec) del mes inmediato anterior, calculado sobre los salarios del mes de junio de 2024.<\/li>\n<li>Dos pagos de 3,275 % con los salarios de septiembre y octubre de 2024 calculados sobre los salarios de junio de 2024, en virtud de compensar p\u00e9rdidas ocurridas en el primer semestre por la ca\u00edda del Fondo Nacional de Incentivo Docente (Fonid) y el desfase producido entre pautas e inflaci\u00f3n.<\/li>\n<li>Una cl\u00e1usula de garant\u00eda para que al final del semestre, evaluado el IPC del mismo, se aplique el pago de la diferencia con haberes de enero de 2025.<\/li>\n<li>Una cl\u00e1usula que garantiza que el salario m\u00ednimo de bolsillo para un maestro de grado tendr\u00e1 un piso de un 10% por encima de la canasta b\u00e1sica alimentaria para un hogar de cuatro integrantes que publica mensualmente el Indec, tomando para referencia el valor arrojado en el mes inmediato anterior. Hoy la canasta b\u00e1sica total que mide l\u00ednea de pobreza est\u00e1 en $939.887; el b\u00e1sico docente ronda los $450 mil.<\/li>\n<li>Un aumento del tope en el C\u00f3digo 029 para cubrir hasta 80 kil\u00f3metros en la distancia de traslado. Hoy ese adicional que reciben aquellos docentes que deben trasladarse de una ciudad a otra tiene un tope de 60 kil\u00f3metros.<\/li>\n<li>La propuesta presentada hoy impactar\u00e1 en los haberes de las y los trabajadores activos y jubilados.<\/li>\n<\/ul>\n<p>Adem\u00e1s, el Gobierno comunic\u00f3 que -con los haberes de septiembre- devolver\u00e1 los d\u00edas descontados por huelga durante el mes de agosto. \u201cEn este punto sostuvimos nuevamente ante la jueza nuestra postura de que dichos descuentos nunca debieron realizarse y que, adem\u00e1s, no son parte de la negociaci\u00f3n ni condicionante para aceptar o rechazar la propuesta\u201d, analiz\u00f3 la Asociaci\u00f3n Gremial del Magisterio de Entre R\u00edos (Agmer).<\/p>\n<p>El gremio consider\u00f3 que \u201clo manifestado formalmente hoy por el Gobierno se enmarca en lo demandado por Agmer, en cuanto a las formas y criterios, abarcando tanto a trabajadoras y trabajadores activos como jubilados, por lo que se dispone someterla al an\u00e1lisis y valoraci\u00f3n de la docencia entrerriana. Ser\u00e1n las voces de cada trabajadora y trabajador de la educaci\u00f3n de esta provincia las que manifestar\u00e1n si esta oferta est\u00e1 en condiciones de aprobarse o no\u201d.<\/p>\n","protected":false},"excerpt":{"rendered":"<p>La Asociaci\u00f3n Gremial del Magisterio de Entre R\u00edos (Agmer) le puso fecha a la movilizaci\u00f3n que vot\u00f3 el congreso de la entidad, que sesion\u00f3 el jueves 19 en Villaguay, y le dio la espalda a la ante\u00faltima oferta salarial del Gobierno: ser\u00e1 el martes 1\u00b0. En esa instancia, se votaron cinco d\u00edas de huelga: este mi\u00e9rcoles y jueves, y los d\u00edas 1\u00b0, 2 y 3 de octubre. Esa tesitura gremial no vari\u00f3 luego de la \u00faltima oferta salarial que present\u00f3 el Gobierno en la mesa de conciliaci\u00f3n judicial, el viernes&#8230;<\/p>\n","protected":false},"author":3,"featured_media":120697,"comment_status":"closed","ping_status":"closed","sticky":false,"template":"","format":"standard","meta":[],"categories":[15],"tags":[],"_links":{"self":[{"href":"https:\/\/www.actualidadadiario.com\/index.php\/wp-json\/wp\/v2\/posts\/120696"}],"collection":[{"href":"https:\/\/www.actualidadadiario.com\/index.php\/wp-json\/wp\/v2\/posts"}],"about":[{"href":"https:\/\/www.actualidadadiario.com\/index.php\/wp-json\/wp\/v2\/types\/post"}],"author":[{"embeddable":true,"href":"https:\/\/www.actualidadadiario.com\/index.php\/wp-json\/wp\/v2\/users\/3"}],"replies":[{"embeddable":true,"href":"https:\/\/www.actualidadadiario.com\/index.php\/wp-json\/wp\/v2\/comments?post=120696"}],"version-history":[{"count":1,"href":"https:\/\/www.actualidadadiario.com\/index.php\/wp-json\/wp\/v2\/posts\/120696\/revisions"}],"predecessor-version":[{"id":120698,"href":"https:\/\/www.actualidadadiario.com\/index.php\/wp-json\/wp\/v2\/posts\/120696\/revisions\/120698"}],"wp:featuredmedia":[{"embeddable":true,"href":"https:\/\/www.actualidadadiario.com\/index.php\/wp-json\/wp\/v2\/media\/120697"}],"wp:attachment":[{"href":"https:\/\/www.actualidadadiario.com\/index.php\/wp-json\/wp\/v2\/media?parent=120696"}],"wp:term":[{"taxonomy":"category","embeddable":true,"href":"https:\/\/www.actualidadadiario.com\/index.php\/wp-json\/wp\/v2\/categories?post=120696"},{"taxonomy":"post_tag","embeddable":true,"href":"https:\/\/www.actualidadadiario.com\/index.php\/wp-json\/wp\/v2\/tags?post=120696"}],"curies":[{"name":"wp","href":"https:\/\/api.w.org\/{rel}","templated":true}]}}