{"id":120691,"date":"2024-09-26T11:12:43","date_gmt":"2024-09-26T14:12:43","guid":{"rendered":"https:\/\/www.actualidadadiario.com\/?p=120691"},"modified":"2024-09-26T11:12:43","modified_gmt":"2024-09-26T14:12:43","slug":"ponen-en-duda-la-continuidad-del-ministro-de-salud","status":"publish","type":"post","link":"https:\/\/www.actualidadadiario.com\/index.php\/2024\/09\/26\/ponen-en-duda-la-continuidad-del-ministro-de-salud\/","title":{"rendered":"Ponen en duda la continuidad del ministro de Salud"},"content":{"rendered":"<p style=\"text-align: center;\"><em><strong>El ministro de Salud Guillermo Grieve no mostr\u00f3 actividad oficial en los \u00faltimos d\u00edas y tampoco se lo vio en su despacho. Hay versiones que indican que estar\u00eda de viaje fuera de la provincia. Tampoco estuvo en la reuni\u00f3n de gabinete de este martes<\/strong><\/em><\/p>\n<p>&nbsp;<\/p>\n<p>&nbsp;<\/p>\n<p>&nbsp;<\/p>\n<p>La \u00faltima actividad oficial que se difundi\u00f3 de Grieve fue el viernes pasado, cuando particip\u00f3 de la inauguraci\u00f3n de un hogar de ancianos en Col\u00f3n. Desde entonces, no estuvo en su despacho y tampoco hizo acto de presencia en la reuni\u00f3n de gabinete que el gobernador Rogelio Frigerio encabez\u00f3 este martes. En su lugar, particip\u00f3 el secretario de Salud, Daniel Blanzaco.<\/p>\n<p>Sin Grieve, hubo reuni\u00f3n de gabinete este martes.<\/p>\n<p>\u201cSe fue a Mendoza de vacaciones con la esposa\u201d, es uno de los comentarios que circulan en \u00e1mbitos de la cartera sanitaria.<\/p>\n<p>M\u00e1s all\u00e1 del destino, muchos asocian la ausencia del ministro con las dificultades que enfrenta en la gesti\u00f3n al frente de una de las \u00e1reas m\u00e1s sensibles del gobierno.<\/p>\n<p>Su situaci\u00f3n se resinti\u00f3 tambi\u00e9n tras la denuncia period\u00edstica de AN\u00c1LISIS respecto de la aparente incompatibilidad que comporta el rol de Grieve como director y socio gerente de una cl\u00ednica privada y como jefe de del servicio de terapia intensiva del Sanatorio La Entrerriana, a la par de su tarea como ministro.<\/p>\n<p>La ausencia del funcionario habr\u00eda quedado en evidencia tambi\u00e9n cuando familiares del ni\u00f1o que falleci\u00f3 en las \u00faltimas horas tras haber sido intervenido quir\u00fargicamente por el m\u00e9dico Guillermo Riolo intentaron reunirse con Grieve en el ministerio.<\/p>\n<p>La familia del ni\u00f1o denunci\u00f3 a Riolo por presunta mala praxis. \u201cComo Grieve est\u00e1 de licencia o de vacaciones, los familiares fueron recibidos por las funcionarias Marina Alegre, de Recursos Humanos, y Romina Sirota, de Asuntos Jur\u00eddicos de la cartera\u201d, cont\u00f3 a este medio una fuente del ministerio.<\/p>\n<p>Los trascendidos est\u00e1n a la orden del d\u00eda en virtud de la ausencia de Grieve y llama la atenci\u00f3n que tome vacaciones sin haber cumplido el a\u00f1o de trabajo en el ministerio.<\/p>\n<p>En \u00e1mbitos de Salud, funcionarios cercanos al ministro dejaron trascender que la ausencia ser\u00eda para \u201creplantearse con tranquilidad su futuro\u201d. No faltan quienes aseguran que \u201cvuelve con la renuncia\u201d e incluso se habla de \u201creuniones en una casa en Paran\u00e1 para definir qui\u00e9n lo va a reemplazar\u201d.<\/p>\n<p>&nbsp;<\/p>\n<p><strong>El caso de la ambulancia del CIC de Villa del Rosario<\/strong><\/p>\n<p>A principios de mes, de forma sorpresiva, dos funcionarios del Ministerio de Salud de Entre R\u00edos llegaron a Villa del Rosario para organizar el traslado de la ambulancia del Centro Integrador Comunitario, entregada hace dos a\u00f1os en comodato por el gobierno provincial, durante la gesti\u00f3n de Gustavo Bordet. La decisi\u00f3n habr\u00eda sido tomada por el ministro Guillermo Grieve, quien pretende llevar la unidad de traslado al hospital San Roque de Paran\u00e1. Tras la queja de la intendente Vanina Perini, y por directiva del gobernador Rogelio Frigerio, esta medida fue frenada por el propio ministro de Gobierno y Trabajo, Manuel Troncoso.<\/p>\n<p>Consultada acerca de los motivos a los que podr\u00eda atribuir la decisi\u00f3n del ministro Grieve, Perini hab\u00eda expresado: \u00abyo no cuestiono al ministro como profesional de la medicina, pero creo que est\u00e1 mal asesorado o desconoce la realidad de la provincia, de hecho no ha venido nunca a Villa del Rosario desde su asunci\u00f3n, no s\u00e9 qu\u00e9 informaci\u00f3n le podr\u00e1 llegar pero si est\u00e1 en conocimiento de que nos hacemos cargo en un cien por ciento de la salud de los villarrosarinos, con fondos municipales\u00bb. Y luego hab\u00eda agregado: \u00abatribuyo esta situaci\u00f3n al desconocimiento o al no inter\u00e9s, y en lo personal a m\u00ed me ha decepcionado y defraudado much\u00edsimo con esta actitud. Creo que es un atropello, no tanto a nosotros como gobierno local, sino a toda la comunidad de Villa del Rosario y sus colonias, que como m\u00ednimos merece tener una ambulancia\u00bb.<\/p>\n","protected":false},"excerpt":{"rendered":"<p>El ministro de Salud Guillermo Grieve no mostr\u00f3 actividad oficial en los \u00faltimos d\u00edas y tampoco se lo vio en su despacho. Hay versiones que indican que estar\u00eda de viaje fuera de la provincia. Tampoco estuvo en la reuni\u00f3n de gabinete de este martes &nbsp; &nbsp; &nbsp; La \u00faltima actividad oficial que se difundi\u00f3 de Grieve fue el viernes pasado, cuando particip\u00f3 de la inauguraci\u00f3n de un hogar de ancianos en Col\u00f3n. Desde entonces, no estuvo en su despacho y tampoco hizo acto de presencia en la reuni\u00f3n de gabinete&#8230;<\/p>\n","protected":false},"author":3,"featured_media":120692,"comment_status":"closed","ping_status":"closed","sticky":false,"template":"","format":"standard","meta":[],"categories":[15],"tags":[],"_links":{"self":[{"href":"https:\/\/www.actualidadadiario.com\/index.php\/wp-json\/wp\/v2\/posts\/120691"}],"collection":[{"href":"https:\/\/www.actualidadadiario.com\/index.php\/wp-json\/wp\/v2\/posts"}],"about":[{"href":"https:\/\/www.actualidadadiario.com\/index.php\/wp-json\/wp\/v2\/types\/post"}],"author":[{"embeddable":true,"href":"https:\/\/www.actualidadadiario.com\/index.php\/wp-json\/wp\/v2\/users\/3"}],"replies":[{"embeddable":true,"href":"https:\/\/www.actualidadadiario.com\/index.php\/wp-json\/wp\/v2\/comments?post=120691"}],"version-history":[{"count":1,"href":"https:\/\/www.actualidadadiario.com\/index.php\/wp-json\/wp\/v2\/posts\/120691\/revisions"}],"predecessor-version":[{"id":120693,"href":"https:\/\/www.actualidadadiario.com\/index.php\/wp-json\/wp\/v2\/posts\/120691\/revisions\/120693"}],"wp:featuredmedia":[{"embeddable":true,"href":"https:\/\/www.actualidadadiario.com\/index.php\/wp-json\/wp\/v2\/media\/120692"}],"wp:attachment":[{"href":"https:\/\/www.actualidadadiario.com\/index.php\/wp-json\/wp\/v2\/media?parent=120691"}],"wp:term":[{"taxonomy":"category","embeddable":true,"href":"https:\/\/www.actualidadadiario.com\/index.php\/wp-json\/wp\/v2\/categories?post=120691"},{"taxonomy":"post_tag","embeddable":true,"href":"https:\/\/www.actualidadadiario.com\/index.php\/wp-json\/wp\/v2\/tags?post=120691"}],"curies":[{"name":"wp","href":"https:\/\/api.w.org\/{rel}","templated":true}]}}