{"id":120688,"date":"2024-09-25T15:16:06","date_gmt":"2024-09-25T18:16:06","guid":{"rendered":"https:\/\/www.actualidadadiario.com\/?p=120688"},"modified":"2024-09-25T15:16:06","modified_gmt":"2024-09-25T18:16:06","slug":"milei-presionado-por-el-voto-cordobes-y-el-veto-al-electorado-sub-25","status":"publish","type":"post","link":"https:\/\/www.actualidadadiario.com\/index.php\/2024\/09\/25\/milei-presionado-por-el-voto-cordobes-y-el-veto-al-electorado-sub-25\/","title":{"rendered":"Milei, presionado por el voto cordob\u00e9s y el veto al electorado sub 25"},"content":{"rendered":"<p style=\"text-align: center;\"><em><strong>Los incendios en C\u00f3rdoba y el veto a las universidades enfrentan a Javier Milei con el n\u00facleo duro de los votantes de La Libertad Avanza<\/strong><\/em><\/p>\n<p>&nbsp;<\/p>\n<p>&nbsp;<\/p>\n<p>De Nueva York a las cenizas de C\u00f3rdoba, principal basti\u00f3n electoral de La Libertad Avanza. Javier Milei retomar\u00e1 la agenda dom\u00e9stica hoy con una vista a las zonas arrasadas por los incendios junto a Guillermo Francos y Karina Milei mientras corre el plazo para que estampe la firma en su segundo veto presidencial. El primero fue a la movilidad jubilatoria, y ahora ser\u00e1 el turno de las universidades donde anida el electorado sub 25, n\u00facleo duro del voto libertario.<\/p>\n<p>Mientras cae la imagen en las encuestas, con un abrupto derrumbe en el \u00faltimo mes de casi 15% de acuerdo al \u00edndice de confianza en el Gobierno que elabora la Universidad Di Tella, el Presidente enfrenta una delicada coyuntura interna en materia pol\u00edtica, a un a\u00f1o de las elecciones legislativas. La nacionalizaci\u00f3n de los incendios en C\u00f3rdoba expuso primero a Mart\u00edn Llaryora y ahora a Javier Milei. Ambos comparten el mismo electorado. La Libertad Avanza gan\u00f3 el balotaje de octubre 2023 con 74,05% de los votos frente al 25,94% de Uni\u00f3n por la Patria.<\/p>\n<p>&nbsp;<\/p>\n<p><strong>C\u00f3rdoba, basti\u00f3n libertario<\/strong><\/p>\n<p>C\u00f3rdoba fue el distrito donde mejor performance electoral obtuvo Milei y donde le sac\u00f3 m\u00e1s de un mill\u00f3n de votos al kirchnerismo en las presidenciales. Eso explica el desembarco en el Gobierno de funcionarios del cordobesismo como el eyectado Osvaldo Giordano en ANSES, Franco Mogetta en Transporte y Daniel Tilard en el Banco Naci\u00f3n, entre otros. La Libertad Avanza ya se constituy\u00f3 como partido en esa provincia y qued\u00f3 al mando de Gabriel Bornoroni bajo la supervisi\u00f3n de Karina Milei y Mart\u00edn Menem.<\/p>\n<p>Ya con la campa\u00f1a asomando, y con Milei listo para el acto del s\u00e1bado en Parque Lezama donde presentar\u00e1 a La Libertad Avanza como fuerza nacional, el Presidente visitar\u00e1 C\u00f3rdoba para no descuidar a su electorado luego de haber pagado el costo pol\u00edtico del veto a la ley de mejora salarial para los jubilados. El oficialismo a\u00fan goza, pese a la ca\u00edda en las encuestas, de niveles competitivos de apoyo en la opini\u00f3n p\u00fablica de cara a las legislativas. Pero en Casa Rosada preocupa la tendencia abrupta a la baja que comenz\u00f3 a experimentar el gobierno en medio de la recesi\u00f3n, suba del desempleo y repunte de la inflaci\u00f3n.<\/p>\n<p>&nbsp;<\/p>\n<p><strong>El Presupuesto de Javier Milei<\/strong><\/p>\n<p>Milei vuelve al pa\u00eds con C\u00f3rdoba en llamas y con el conflicto universitario en plena escalada. A eso se suma el inicio del debate por el Presupuesto 2025 ahora demorado hasta la segunda semana de octubre en la comisi\u00f3n de Presupuesto y Hacienda de Jos\u00e9 Luis Espert.<\/p>\n<p>Los gobernadores mandaron a Luis Caputo a rehacer el anexo de obra p\u00fablica adem\u00e1s de la aclaraci\u00f3n p\u00fablica que le reclamaron a Guillermo Francos sobre el monto de ajuste de usd 60 mil millones reclamado por Milei a las provincias. El Gobierno necesita aprobar el Presupuesto para mantener la a\u00fan tambaleante confianza de los mercados que miran con atenci\u00f3n qu\u00e9 efecto podr\u00eda tener el levantamiento del cepo sobre el tipo de cambio y el proceso inflacionario. Tambi\u00e9n el FMI mira con atenci\u00f3n la sostenibilidad pol\u00edtica del ajuste fiscal que lleva adelante el oficialismo.<\/p>\n<p>La CGT se sum\u00f3, al igual que ATE, a la movilizaci\u00f3n de las universidades convocada para el 2 de octubre. Ma\u00f1ana y el viernes habr\u00e1 paro nacional contra el inminente veto a la ley de financiamiento educativo anunciado por Milei. A diferencia del veto a los jubilados, cuando el Presidente obtuvo el inmediato respaldo de Mauricio Macri a trav\u00e9s de un comunicado del PRO, esta vez aturde el silencio del jefe del partido amarillo. El plazo de 10 d\u00edas h\u00e1biles para que el jefe de Estado vete la ley sancionada por el Congreso para actualizar de manera bimestral los gastos de las universidades p\u00fablicas vence el 3 de octubre, un d\u00eda despu\u00e9s de la movilizaci\u00f3n convocada por el sector educativo.<\/p>\n<p>&nbsp;<\/p>\n<p><strong>Los votos de La Libertad Avanza<\/strong><\/p>\n<p>En las universidades, al igual que en C\u00f3rdoba, habita el n\u00facleo duro del vol\u00e1til electorado de La Libertad Avanza. Milei arras\u00f3 entre los votantes sub 25, en especial en la franja de varones que son trabajadores informales reci\u00e9n incorporados al mercado laboral y que pertenecen a la universidad p\u00fablica.<\/p>\n<p>Un veto de plomo contra la ley de financiamiento educativo que, al igual que en el caso de los jubilados, atenta contra su propio electorado. Adem\u00e1s, a diferencia del veto a la movilidad jubilatoria, el conflicto con las universidades enfrenta al Gobierno a un conflicto en la calle con otra tonicidad en el actor social involucrado y m\u00e1s sostenible en el tiempo.<\/p>\n","protected":false},"excerpt":{"rendered":"<p>Los incendios en C\u00f3rdoba y el veto a las universidades enfrentan a Javier Milei con el n\u00facleo duro de los votantes de La Libertad Avanza &nbsp; &nbsp; De Nueva York a las cenizas de C\u00f3rdoba, principal basti\u00f3n electoral de La Libertad Avanza. Javier Milei retomar\u00e1 la agenda dom\u00e9stica hoy con una vista a las zonas arrasadas por los incendios junto a Guillermo Francos y Karina Milei mientras corre el plazo para que estampe la firma en su segundo veto presidencial. El primero fue a la movilidad jubilatoria, y ahora ser\u00e1&#8230;<\/p>\n","protected":false},"author":3,"featured_media":120570,"comment_status":"closed","ping_status":"closed","sticky":false,"template":"","format":"standard","meta":[],"categories":[9],"tags":[],"_links":{"self":[{"href":"https:\/\/www.actualidadadiario.com\/index.php\/wp-json\/wp\/v2\/posts\/120688"}],"collection":[{"href":"https:\/\/www.actualidadadiario.com\/index.php\/wp-json\/wp\/v2\/posts"}],"about":[{"href":"https:\/\/www.actualidadadiario.com\/index.php\/wp-json\/wp\/v2\/types\/post"}],"author":[{"embeddable":true,"href":"https:\/\/www.actualidadadiario.com\/index.php\/wp-json\/wp\/v2\/users\/3"}],"replies":[{"embeddable":true,"href":"https:\/\/www.actualidadadiario.com\/index.php\/wp-json\/wp\/v2\/comments?post=120688"}],"version-history":[{"count":1,"href":"https:\/\/www.actualidadadiario.com\/index.php\/wp-json\/wp\/v2\/posts\/120688\/revisions"}],"predecessor-version":[{"id":120689,"href":"https:\/\/www.actualidadadiario.com\/index.php\/wp-json\/wp\/v2\/posts\/120688\/revisions\/120689"}],"wp:featuredmedia":[{"embeddable":true,"href":"https:\/\/www.actualidadadiario.com\/index.php\/wp-json\/wp\/v2\/media\/120570"}],"wp:attachment":[{"href":"https:\/\/www.actualidadadiario.com\/index.php\/wp-json\/wp\/v2\/media?parent=120688"}],"wp:term":[{"taxonomy":"category","embeddable":true,"href":"https:\/\/www.actualidadadiario.com\/index.php\/wp-json\/wp\/v2\/categories?post=120688"},{"taxonomy":"post_tag","embeddable":true,"href":"https:\/\/www.actualidadadiario.com\/index.php\/wp-json\/wp\/v2\/tags?post=120688"}],"curies":[{"name":"wp","href":"https:\/\/api.w.org\/{rel}","templated":true}]}}